{"id":26083,"date":"2023-08-26T00:46:18","date_gmt":"2023-08-26T00:46:18","guid":{"rendered":"https:\/\/redeportivamx.com\/?p=26083"},"modified":"2023-10-01T19:07:02","modified_gmt":"2023-10-01T19:07:02","slug":"daniel-ricciardo-se-perdera-el-resto-del-gp-de-zandvoort","status":"publish","type":"post","link":"https:\/\/redeportivamx.com\/index.php\/2023\/08\/26\/daniel-ricciardo-se-perdera-el-resto-del-gp-de-zandvoort\/","title":{"rendered":"Daniel Ricciardo se perder\u00e1 el resto del GP de Zandvoort"},"content":{"rendered":"\n<h2 class=\"wp-block-heading\">Ricciardo se ha fracturado un dedo de la mano izquierda y se perder\u00e1 el resto del GP<\/h2>\n\n\n\n<p>La segunda sesi\u00f3n de entrenamientos del <strong>GP de los Pa\u00edses Bajos<\/strong> ha visto un desafortunado final. <strong>Oscar Piastri y Daniel Ricciardo<\/strong> se han visto envueltos en un incidente al final de la sesi\u00f3n. A 10 minutos de terminar los entrenamientos, ambos chocaron en la primera curva peraltada. <\/p>\n\n\n\n<p>En este incidente el m\u00e1s afectado fue el piloto de <strong><a href=\"https:\/\/alphatauri.com\/es-int\/scuderiaalphatauri\/\" target=\"_blank\" rel=\"noopener\" title=\"\">Alpha Tauri<\/a>,<\/strong> <strong>Daniel Ricciardo<\/strong>. Este \u00faltimo intentar\u00eda evitar chocar con el auto de <strong>Piastri<\/strong>, lamentablemente en el intento terminar\u00eda por lastimar su mano. Inmediatamente despu\u00e9s del choque, <strong>Ricciardo <\/strong>coment\u00f3 sobre un fuerte dolor en su mano.<\/p>\n\n\n\n<figure class=\"wp-block-gallery has-nested-images columns-default is-cropped wp-block-gallery-1 is-layout-flex wp-block-gallery-is-layout-flex\">\n<figure class=\"wp-block-image size-large\"><img fetchpriority=\"high\" decoding=\"async\" width=\"1024\" height=\"627\" data-id=\"26087\" src=\"https:\/\/redeportivamx.com\/wp-content\/uploads\/2023\/08\/Ricciardo-Zandvoort-1024x627.webp\" alt=\"\" class=\"wp-image-26087\" srcset=\"https:\/\/redeportivamx.com\/wp-content\/uploads\/2023\/08\/Ricciardo-Zandvoort-1024x627.webp 1024w, https:\/\/redeportivamx.com\/wp-content\/uploads\/2023\/08\/Ricciardo-Zandvoort-300x184.webp 300w, https:\/\/redeportivamx.com\/wp-content\/uploads\/2023\/08\/Ricciardo-Zandvoort-768x470.webp 768w, https:\/\/redeportivamx.com\/wp-content\/uploads\/2023\/08\/Ricciardo-Zandvoort.webp 1052w\" sizes=\"(max-width: 1024px) 100vw, 1024px\" \/><\/figure>\n<\/figure>\n\n\n\n<p>Al regresar al paddock, Ricciardo fue llevado a los servicios m\u00e9dicos del circuito. Pocas horas despu\u00e9s se confirm\u00f3 que el piloto australiano sufri\u00f3 de una <strong>rotura en un metacarpiano<\/strong>. Esta lesi\u00f3n le impedir\u00e1 continuar con su participaci\u00f3n en el <strong>Gran Premio<\/strong>.<\/p>\n\n\n\n<figure class=\"wp-block-gallery has-nested-images columns-default is-cropped wp-block-gallery-2 is-layout-flex wp-block-gallery-is-layout-flex\">\n<figure class=\"wp-block-image size-large\"><img decoding=\"async\" width=\"819\" height=\"1024\" data-id=\"26086\" src=\"https:\/\/redeportivamx.com\/wp-content\/uploads\/2023\/08\/Mano-rota-819x1024.jpg\" alt=\"\" class=\"wp-image-26086\" srcset=\"https:\/\/redeportivamx.com\/wp-content\/uploads\/2023\/08\/Mano-rota-819x1024.jpg 819w, https:\/\/redeportivamx.com\/wp-content\/uploads\/2023\/08\/Mano-rota-240x300.jpg 240w, https:\/\/redeportivamx.com\/wp-content\/uploads\/2023\/08\/Mano-rota-768x960.jpg 768w, https:\/\/redeportivamx.com\/wp-content\/uploads\/2023\/08\/Mano-rota.jpg 1080w\" sizes=\"(max-width: 819px) 100vw, 819px\" \/><\/figure>\n<\/figure>\n\n\n\n<p>Aquel piloto que tendr\u00e1 la tarea de sustituirlo es <strong>Liam Lawson<\/strong>. El joven de 21 a\u00f1os, miembro de la <strong><a href=\"https:\/\/www.redbull.com\/int-en\/juniorteam\" target=\"_blank\" rel=\"noopener\" title=\"\">academia de Red Bull<\/a><\/strong>, tendr\u00e1 este fin de semana su debut en la <strong><a href=\"https:\/\/redeportivamx.com\/index.php\/category\/formula-1\/\" target=\"_blank\" rel=\"noopener\" title=\"\">Formula 1.<\/a><\/strong> Para su mala suerte, tendr\u00e1 una sola sesi\u00f3n de entrenamientos para adaptarse y colocarse en el ritmo de sus rivales.<\/p>\n\n\n\n<figure class=\"wp-block-embed is-type-rich is-provider-twitter wp-block-embed-twitter\"><div class=\"wp-block-embed__wrapper\">\n<blockquote class=\"twitter-tweet\" data-width=\"550\" data-dnt=\"true\"><p lang=\"en\" dir=\"ltr\">BREAKING: Daniel Ricciardo is out of the Dutch Grand Prix with a break in his hand after his FP2 incident, and will be will be replaced by Liam Lawson. <br><br>Get well soon Daniel!<a href=\"https:\/\/twitter.com\/hashtag\/DutchGP?src=hash&amp;ref_src=twsrc%5Etfw\">#DutchGP<\/a> <a href=\"https:\/\/twitter.com\/hashtag\/F1?src=hash&amp;ref_src=twsrc%5Etfw\">#F1<\/a> <a href=\"https:\/\/twitter.com\/danielricciardo?ref_src=twsrc%5Etfw\">@danielricciardo<\/a> @AlphaTauriF1 <a href=\"https:\/\/t.co\/5sz5TSkaK5\">pic.twitter.com\/5sz5TSkaK5<\/a><\/p>&mdash; Formula 1 (@F1) <a href=\"https:\/\/twitter.com\/F1\/status\/1695126143743967655?ref_src=twsrc%5Etfw\">August 25, 2023<\/a><\/blockquote><script async src=\"https:\/\/platform.twitter.com\/widgets.js\" charset=\"utf-8\"><\/script>\n<\/div><\/figure>\n","protected":false},"excerpt":{"rendered":"<p>Ricciardo se ha fracturado un dedo de la mano izquierda y se perder\u00e1 el resto del GP La segunda sesi\u00f3n de entrenamientos del GP de los Pa\u00edses Bajos ha visto un desafortunado final. Oscar Piastri y Daniel Ricciardo se han visto envueltos en un incidente al final de la sesi\u00f3n. A 10 minutos de terminar [&hellip;]<\/p>\n","protected":false},"author":9,"featured_media":26086,"comment_status":"open","ping_status":"open","sticky":false,"template":"","format":"standard","meta":{"_monsterinsights_skip_tracking":false,"_monsterinsights_sitenote_active":false,"_monsterinsights_sitenote_note":"","_monsterinsights_sitenote_category":0,"_jetpack_memberships_contains_paid_content":false,"footnotes":""},"categories":[7],"tags":[45],"class_list":["post-26083","post","type-post","status-publish","format-standard","has-post-thumbnail","hentry","category-formula-1","tag-formula-1"],"aioseo_notices":[],"jetpack_featured_media_url":"https:\/\/redeportivamx.com\/wp-content\/uploads\/2023\/08\/Mano-rota.jpg","jetpack_sharing_enabled":true,"_links":{"self":[{"href":"https:\/\/redeportivamx.com\/index.php\/wp-json\/wp\/v2\/posts\/26083","targetHints":{"allow":["GET"]}}],"collection":[{"href":"https:\/\/redeportivamx.com\/index.php\/wp-json\/wp\/v2\/posts"}],"about":[{"href":"https:\/\/redeportivamx.com\/index.php\/wp-json\/wp\/v2\/types\/post"}],"author":[{"embeddable":true,"href":"https:\/\/redeportivamx.com\/index.php\/wp-json\/wp\/v2\/users\/9"}],"replies":[{"embeddable":true,"href":"https:\/\/redeportivamx.com\/index.php\/wp-json\/wp\/v2\/comments?post=26083"}],"version-history":[{"count":1,"href":"https:\/\/redeportivamx.com\/index.php\/wp-json\/wp\/v2\/posts\/26083\/revisions"}],"predecessor-version":[{"id":26088,"href":"https:\/\/redeportivamx.com\/index.php\/wp-json\/wp\/v2\/posts\/26083\/revisions\/26088"}],"wp:featuredmedia":[{"embeddable":true,"href":"https:\/\/redeportivamx.com\/index.php\/wp-json\/wp\/v2\/media\/26086"}],"wp:attachment":[{"href":"https:\/\/redeportivamx.com\/index.php\/wp-json\/wp\/v2\/media?parent=26083"}],"wp:term":[{"taxonomy":"category","embeddable":true,"href":"https:\/\/redeportivamx.com\/index.php\/wp-json\/wp\/v2\/categories?post=26083"},{"taxonomy":"post_tag","embeddable":true,"href":"https:\/\/redeportivamx.com\/index.php\/wp-json\/wp\/v2\/tags?post=26083"}],"curies":[{"name":"wp","href":"https:\/\/api.w.org\/{rel}","templated":true}]}}