{"id":25912,"date":"2023-08-23T23:42:27","date_gmt":"2023-08-23T23:42:27","guid":{"rendered":"https:\/\/redeportivamx.com\/?p=25912"},"modified":"2023-10-01T19:09:19","modified_gmt":"2023-10-01T19:09:19","slug":"confirmado-checo-perez-continuara-con-red-bull","status":"publish","type":"post","link":"https:\/\/redeportivamx.com\/index.php\/2023\/08\/23\/confirmado-checo-perez-continuara-con-red-bull\/","title":{"rendered":"Confirmado, Checo P\u00e9rez continuar\u00e1 con Red Bull"},"content":{"rendered":"\n<h2 class=\"wp-block-heading\">Christian Horner ha confirmado la continuidad de Checo P\u00e9rez en el equipo para 2024<\/h2>\n\n\n\n<p>El director del equipo <strong><a href=\"https:\/\/www.redbullracing.com\/int-es\" target=\"_blank\" rel=\"noopener\" title=\"\">Red Bull Racing<\/a><\/strong>, <strong>Christian Horner<\/strong> ha terminado con todas las dudas en torno al futuro de <strong>P\u00e9rez<\/strong>. En una reciente entrevista confirm\u00f3 que <strong>Checo <\/strong>continuar\u00e1 en <strong>Red Bull<\/strong> para 2024. <strong>Horner <\/strong>aclar\u00f3 que tienen un contrato vigente con el mexicano:<\/p>\n\n\n\n<blockquote class=\"wp-block-quote is-layout-flow wp-block-quote-is-layout-flow\">\n<p>&#8220;Tenemos un contrato con \u00e9l. Estamos contentos con Checo y correr\u00e1 para nosotros el a\u00f1o que viene. Mientras tanto, el objetivo de Alpha Tauri es tener pilotos en el equipo que sean candidatos potenciales para Red Bull en un futuro&#8221;.<\/p>\n<cite>Horner.<\/cite><\/blockquote>\n\n\n\n<figure class=\"wp-block-gallery has-nested-images columns-default is-cropped wp-block-gallery-1 is-layout-flex wp-block-gallery-is-layout-flex\">\n<figure class=\"wp-block-image size-large\"><img fetchpriority=\"high\" decoding=\"async\" width=\"1024\" height=\"637\" data-id=\"25913\" src=\"https:\/\/redeportivamx.com\/wp-content\/uploads\/2023\/08\/Horner-y-Checo-1024x637.jpg\" alt=\"\" class=\"wp-image-25913\" srcset=\"https:\/\/redeportivamx.com\/wp-content\/uploads\/2023\/08\/Horner-y-Checo-1024x637.jpg 1024w, https:\/\/redeportivamx.com\/wp-content\/uploads\/2023\/08\/Horner-y-Checo-300x187.jpg 300w, https:\/\/redeportivamx.com\/wp-content\/uploads\/2023\/08\/Horner-y-Checo-768x478.jpg 768w, https:\/\/redeportivamx.com\/wp-content\/uploads\/2023\/08\/Horner-y-Checo.jpg 1200w\" sizes=\"(max-width: 1024px) 100vw, 1024px\" \/><\/figure>\n<\/figure>\n\n\n\n<p>El futuro de <strong>P\u00e9rez <\/strong>dentro del equipo ha sido uno de los m\u00e1s cuestionados dentro de la <strong><a href=\"https:\/\/redeportivamx.com\/index.php\/category\/formula-1\/\" target=\"_blank\" rel=\"noopener\" title=\"\">Formula 1<\/a><\/strong>. Estas cr\u00edticas se centran en la abrumadora diferencia que ha tenido con su compa\u00f1ero <strong>Max Verstappen<\/strong>. En cuanto al neerland\u00e9s, <strong>Horner <\/strong>coment\u00f3 lo siguiente:<\/p>\n\n\n\n<blockquote class=\"wp-block-quote is-layout-flow wp-block-quote-is-layout-flow\">\n<p>Max definitivamente se quedar\u00e1 con nosotros hasta 2028. Es nuestro l\u00edder, nuestro piloto estrella. Esperamos mantener nuestra racha de \u00e9xitos juntos.<\/p>\n<\/blockquote>\n\n\n\n<figure class=\"wp-block-gallery has-nested-images columns-default is-cropped wp-block-gallery-2 is-layout-flex wp-block-gallery-is-layout-flex\">\n<figure class=\"wp-block-image size-large\"><img decoding=\"async\" width=\"1024\" height=\"514\" data-id=\"25914\" src=\"https:\/\/redeportivamx.com\/wp-content\/uploads\/2023\/08\/Horner-y-Max-1024x514.jpg\" alt=\"\" class=\"wp-image-25914\" srcset=\"https:\/\/redeportivamx.com\/wp-content\/uploads\/2023\/08\/Horner-y-Max-1024x514.jpg 1024w, https:\/\/redeportivamx.com\/wp-content\/uploads\/2023\/08\/Horner-y-Max-300x151.jpg 300w, https:\/\/redeportivamx.com\/wp-content\/uploads\/2023\/08\/Horner-y-Max-768x385.jpg 768w, https:\/\/redeportivamx.com\/wp-content\/uploads\/2023\/08\/Horner-y-Max.jpg 1200w\" sizes=\"(max-width: 1024px) 100vw, 1024px\" \/><\/figure>\n<\/figure>\n","protected":false},"excerpt":{"rendered":"<p>Christian Horner ha confirmado la continuidad de Checo P\u00e9rez en el equipo para 2024 El director del equipo Red Bull Racing, Christian Horner ha terminado con todas las dudas en torno al futuro de P\u00e9rez. En una reciente entrevista confirm\u00f3 que Checo continuar\u00e1 en Red Bull para 2024. Horner aclar\u00f3 que tienen un contrato vigente [&hellip;]<\/p>\n","protected":false},"author":9,"featured_media":25913,"comment_status":"open","ping_status":"open","sticky":false,"template":"","format":"standard","meta":{"_monsterinsights_skip_tracking":false,"_monsterinsights_sitenote_active":false,"_monsterinsights_sitenote_note":"","_monsterinsights_sitenote_category":0,"_jetpack_memberships_contains_paid_content":false,"footnotes":""},"categories":[7],"tags":[45],"class_list":["post-25912","post","type-post","status-publish","format-standard","has-post-thumbnail","hentry","category-formula-1","tag-formula-1"],"aioseo_notices":[],"jetpack_featured_media_url":"https:\/\/redeportivamx.com\/wp-content\/uploads\/2023\/08\/Horner-y-Checo.jpg","jetpack_sharing_enabled":true,"_links":{"self":[{"href":"https:\/\/redeportivamx.com\/index.php\/wp-json\/wp\/v2\/posts\/25912","targetHints":{"allow":["GET"]}}],"collection":[{"href":"https:\/\/redeportivamx.com\/index.php\/wp-json\/wp\/v2\/posts"}],"about":[{"href":"https:\/\/redeportivamx.com\/index.php\/wp-json\/wp\/v2\/types\/post"}],"author":[{"embeddable":true,"href":"https:\/\/redeportivamx.com\/index.php\/wp-json\/wp\/v2\/users\/9"}],"replies":[{"embeddable":true,"href":"https:\/\/redeportivamx.com\/index.php\/wp-json\/wp\/v2\/comments?post=25912"}],"version-history":[{"count":1,"href":"https:\/\/redeportivamx.com\/index.php\/wp-json\/wp\/v2\/posts\/25912\/revisions"}],"predecessor-version":[{"id":25915,"href":"https:\/\/redeportivamx.com\/index.php\/wp-json\/wp\/v2\/posts\/25912\/revisions\/25915"}],"wp:featuredmedia":[{"embeddable":true,"href":"https:\/\/redeportivamx.com\/index.php\/wp-json\/wp\/v2\/media\/25913"}],"wp:attachment":[{"href":"https:\/\/redeportivamx.com\/index.php\/wp-json\/wp\/v2\/media?parent=25912"}],"wp:term":[{"taxonomy":"category","embeddable":true,"href":"https:\/\/redeportivamx.com\/index.php\/wp-json\/wp\/v2\/categories?post=25912"},{"taxonomy":"post_tag","embeddable":true,"href":"https:\/\/redeportivamx.com\/index.php\/wp-json\/wp\/v2\/tags?post=25912"}],"curies":[{"name":"wp","href":"https:\/\/api.w.org\/{rel}","templated":true}]}}