{"id":25770,"date":"2023-08-21T01:08:49","date_gmt":"2023-08-21T01:08:49","guid":{"rendered":"https:\/\/redeportivamx.com\/?p=25770"},"modified":"2023-08-21T01:09:26","modified_gmt":"2023-08-21T01:09:26","slug":"cruz-azul-y-santos-empatan-en-el-azteca","status":"publish","type":"post","link":"https:\/\/redeportivamx.com\/index.php\/2023\/08\/21\/cruz-azul-y-santos-empatan-en-el-azteca\/","title":{"rendered":"Cruz Azul y Santos empatan en el Azteca"},"content":{"rendered":"\n<h2 class=\"wp-block-heading\">Celestes y Laguneros se reparten puntos<\/h2>\n\n\n\n<p class=\"wp-block-paragraph\">El partido correspondiente a la jornada 4 entre Cruz Azul y Santos Laguna termin\u00f3 con un empate 2-2.<\/p>\n\n\n\n<figure class=\"wp-block-image size-large\"><img fetchpriority=\"high\" decoding=\"async\" width=\"1024\" height=\"683\" src=\"https:\/\/redeportivamx.com\/wp-content\/uploads\/2023\/08\/20230820_182304-1024x683.jpg\" alt=\"\" class=\"wp-image-25772\" srcset=\"https:\/\/redeportivamx.com\/wp-content\/uploads\/2023\/08\/20230820_182304-1024x683.jpg 1024w, https:\/\/redeportivamx.com\/wp-content\/uploads\/2023\/08\/20230820_182304-300x200.jpg 300w, https:\/\/redeportivamx.com\/wp-content\/uploads\/2023\/08\/20230820_182304-768x512.jpg 768w, https:\/\/redeportivamx.com\/wp-content\/uploads\/2023\/08\/20230820_182304-1536x1024.jpg 1536w, https:\/\/redeportivamx.com\/wp-content\/uploads\/2023\/08\/20230820_182304-2048x1366.jpg 2048w\" sizes=\"(max-width: 1024px) 100vw, 1024px\" \/><\/figure>\n\n\n\n<p class=\"wp-block-paragraph\">Al minuto 2, Santos abri\u00f3 el marcador con un disparo de Harold Preciado, derivado de un error en la defensiva cementera que perdi\u00f3 el bal\u00f3n en los linderos del \u00e1rea.<\/p>\n\n\n\n<p class=\"wp-block-paragraph\">Poco dur\u00f3 el gusto para la afici\u00f3n lagunera, pues en el minuto 10, Diber Cambindo se estren\u00f3 como goleador celeste, empatando el encuentro con un bal\u00f3n centrado de Uriel Antuna.<\/p>\n\n\n\n<p class=\"wp-block-paragraph\">Al minuto 45 del primer tiempo, una falta sobre Uriel Antuna dentro del \u00e1rea lagunera deriv\u00f3 en un penal, moviendo as\u00ed el marcador a favor de Cruz Azul.<\/p>\n\n\n\n<p class=\"wp-block-paragraph\">Nuevamente, en esta ocasi\u00f3n al minuto 62, se realiz\u00f3 una definici\u00f3n desde los 11 pasos. Harold Preciado, por parte de Santos, logr\u00f3 empatar el encuentro.<\/p>\n\n\n\n<p class=\"wp-block-paragraph\">Al minuto 81 cay\u00f3 un gol m\u00e1s por parte de cruz azul, pero fue anulado por una mano del jugador celeste, Ignacio Rivero.<\/p>\n\n\n\n<p class=\"wp-block-paragraph\">La maquina cementera domin\u00f3 el partido, sin embargo, la falta de definici\u00f3n por parte de su delantera solo alcanz\u00f3 para que el partido terminara en empate.<\/p>\n","protected":false},"excerpt":{"rendered":"<p>Celestes y Laguneros se reparten puntos El partido correspondiente a la jornada 4 entre Cruz Azul y Santos Laguna termin\u00f3 con un empate 2-2. Al minuto 2, Santos abri\u00f3 el marcador con un disparo de Harold Preciado, derivado de un error en la defensiva cementera que perdi\u00f3 el bal\u00f3n en los linderos del \u00e1rea. Poco [&hellip;]<\/p>\n","protected":false},"author":12,"featured_media":25773,"comment_status":"open","ping_status":"open","sticky":false,"template":"","format":"standard","meta":{"_monsterinsights_skip_tracking":false,"_jetpack_newsletter_access":"","_jetpack_dont_email_post_to_subs":false,"_jetpack_newsletter_tier_id":0,"_jetpack_memberships_contains_paywalled_content":false,"_jetpack_feature_clip_id":0,"_jetpack_memberships_contains_paid_content":false,"footnotes":"","jetpack_post_was_ever_published":false},"categories":[10],"tags":[],"class_list":["post-25770","post","type-post","status-publish","format-standard","has-post-thumbnail","hentry","category-liga-bbva-mx"],"aioseo_notices":[],"aioseo_head":"\n\t\t<!-- All in One SEO 5.0.1.1 - aioseo.com -->\n\t<meta name=\"description\" content=\"Celestes y Laguneros se reparten puntos El partido correspondiente a la jornada 4 entre Cruz Azul y Santos Laguna termin\u00f3 con un empate 2-2. Al minuto 2, Santos abri\u00f3 el marcador con un disparo de Harold Preciado, derivado de un error en la defensiva cementera que perdi\u00f3 el bal\u00f3n en los linderos del \u00e1rea. Poco\" \/>\n\t<meta name=\"robots\" content=\"max-image-preview:large\" \/>\n\t<meta name=\"author\" content=\"\u00c1ngel Cortez\"\/>\n\t<link rel=\"canonical\" href=\"https:\/\/redeportivamx.com\/index.php\/2023\/08\/21\/cruz-azul-y-santos-empatan-en-el-azteca\/\" \/>\n\t<meta name=\"generator\" content=\"All in One SEO (AIOSEO) 5.0.1.1\" \/>\n\t\t<meta property=\"og:locale\" content=\"es_MX\" \/>\n\t\t<meta property=\"og:site_name\" content=\"Redeportiva MX - \u00a1Conectando tu pasi\u00f3n!\" \/>\n\t\t<meta property=\"og:type\" content=\"sport\" \/>\n\t\t<meta property=\"og:title\" content=\"Cruz Azul y Santos empatan en el Azteca - Redeportiva MX\" \/>\n\t\t<meta property=\"og:description\" content=\"Celestes y Laguneros se reparten puntos El partido correspondiente a la jornada 4 entre Cruz Azul y Santos Laguna termin\u00f3 con un empate 2-2. Al minuto 2, Santos abri\u00f3 el marcador con un disparo de Harold Preciado, derivado de un error en la defensiva cementera que perdi\u00f3 el bal\u00f3n en los linderos del \u00e1rea. Poco\" \/>\n\t\t<meta property=\"og:url\" content=\"https:\/\/redeportivamx.com\/index.php\/2023\/08\/21\/cruz-azul-y-santos-empatan-en-el-azteca\/\" \/>\n\t\t<meta property=\"og:image\" content=\"https:\/\/redeportivamx.com\/wp-content\/uploads\/2023\/08\/20230820_190119.jpg\" \/>\n\t\t<meta property=\"og:image:secure_url\" content=\"https:\/\/redeportivamx.com\/wp-content\/uploads\/2023\/08\/20230820_190119.jpg\" \/>\n\t\t<meta property=\"og:image:width\" content=\"2048\" \/>\n\t\t<meta property=\"og:image:height\" content=\"1365\" \/>\n\t\t<meta name=\"twitter:card\" content=\"summary_large_image\" \/>\n\t\t<meta name=\"twitter:site\" content=\"@Redeportivamx\" \/>\n\t\t<meta name=\"twitter:title\" content=\"Cruz Azul y Santos empatan en el Azteca - Redeportiva MX\" \/>\n\t\t<meta name=\"twitter:description\" content=\"Celestes y Laguneros se reparten puntos El partido correspondiente a la jornada 4 entre Cruz Azul y Santos Laguna termin\u00f3 con un empate 2-2. Al minuto 2, Santos abri\u00f3 el marcador con un disparo de Harold Preciado, derivado de un error en la defensiva cementera que perdi\u00f3 el bal\u00f3n en los linderos del \u00e1rea. Poco\" \/>\n\t\t<meta name=\"twitter:creator\" content=\"@Redeportivamx\" \/>\n\t\t<meta name=\"twitter:image\" content=\"https:\/\/redeportivamx.com\/wp-content\/uploads\/2023\/08\/20230820_190119.jpg\" \/>\n\t\t<script type=\"application\/ld+json\" class=\"aioseo-schema\">\n\t\t\t{\"@context\":\"https:\\\/\\\/schema.org\",\"@graph\":[{\"@type\":\"BlogPosting\",\"@id\":\"https:\\\/\\\/redeportivamx.com\\\/index.php\\\/2023\\\/08\\\/21\\\/cruz-azul-y-santos-empatan-en-el-azteca\\\/#blogposting\",\"name\":\"Cruz Azul y Santos empatan en el Azteca - Redeportiva MX\",\"headline\":\"Cruz Azul y Santos empatan en el Azteca\",\"author\":{\"@id\":\"https:\\\/\\\/redeportivamx.com\\\/index.php\\\/author\\\/angel-cortez\\\/#author\"},\"publisher\":{\"@id\":\"https:\\\/\\\/redeportivamx.com\\\/#organization\"},\"image\":{\"@type\":\"ImageObject\",\"url\":\"https:\\\/\\\/redeportivamx.com\\\/wp-content\\\/uploads\\\/2023\\\/08\\\/20230820_190119.jpg\",\"width\":2048,\"height\":1365},\"datePublished\":\"2023-08-21T01:08:49-06:00\",\"dateModified\":\"2023-08-21T01:09:26-06:00\",\"inLanguage\":\"es-MX\",\"mainEntityOfPage\":{\"@id\":\"https:\\\/\\\/redeportivamx.com\\\/index.php\\\/2023\\\/08\\\/21\\\/cruz-azul-y-santos-empatan-en-el-azteca\\\/#webpage\"},\"isPartOf\":{\"@id\":\"https:\\\/\\\/redeportivamx.com\\\/index.php\\\/2023\\\/08\\\/21\\\/cruz-azul-y-santos-empatan-en-el-azteca\\\/#webpage\"},\"articleSection\":\"Liga BBVA MX\"},{\"@type\":\"BreadcrumbList\",\"@id\":\"https:\\\/\\\/redeportivamx.com\\\/index.php\\\/2023\\\/08\\\/21\\\/cruz-azul-y-santos-empatan-en-el-azteca\\\/#breadcrumblist\",\"itemListElement\":[{\"@type\":\"ListItem\",\"@id\":\"https:\\\/\\\/redeportivamx.com#listItem\",\"position\":1,\"name\":\"Home\",\"item\":\"https:\\\/\\\/redeportivamx.com\",\"nextItem\":{\"@type\":\"ListItem\",\"@id\":\"https:\\\/\\\/redeportivamx.com\\\/index.php\\\/category\\\/liga-bbva-mx\\\/#listItem\",\"name\":\"Liga BBVA MX\"}},{\"@type\":\"ListItem\",\"@id\":\"https:\\\/\\\/redeportivamx.com\\\/index.php\\\/category\\\/liga-bbva-mx\\\/#listItem\",\"position\":2,\"name\":\"Liga BBVA MX\",\"item\":\"https:\\\/\\\/redeportivamx.com\\\/index.php\\\/category\\\/liga-bbva-mx\\\/\",\"nextItem\":{\"@type\":\"ListItem\",\"@id\":\"https:\\\/\\\/redeportivamx.com\\\/index.php\\\/2023\\\/08\\\/21\\\/cruz-azul-y-santos-empatan-en-el-azteca\\\/#listItem\",\"name\":\"Cruz Azul y Santos empatan en el Azteca\"},\"previousItem\":{\"@type\":\"ListItem\",\"@id\":\"https:\\\/\\\/redeportivamx.com#listItem\",\"name\":\"Home\"}},{\"@type\":\"ListItem\",\"@id\":\"https:\\\/\\\/redeportivamx.com\\\/index.php\\\/2023\\\/08\\\/21\\\/cruz-azul-y-santos-empatan-en-el-azteca\\\/#listItem\",\"position\":3,\"name\":\"Cruz Azul y Santos empatan en el Azteca\",\"previousItem\":{\"@type\":\"ListItem\",\"@id\":\"https:\\\/\\\/redeportivamx.com\\\/index.php\\\/category\\\/liga-bbva-mx\\\/#listItem\",\"name\":\"Liga BBVA MX\"}}]},{\"@type\":\"Organization\",\"@id\":\"https:\\\/\\\/redeportivamx.com\\\/#organization\",\"name\":\"redeportivamx.com\",\"description\":\"\\u00a1Conectando tu pasi\\u00f3n!\",\"url\":\"https:\\\/\\\/redeportivamx.com\\\/\",\"sameAs\":[\"https:\\\/\\\/www.facebook.com\\\/profile.php?id=61565592572733\",\"https:\\\/\\\/x.com\\\/Redeportivamx?s=20\",\"https:\\\/\\\/www.instagram.com\\\/redeportivamx\\\/\",\"https:\\\/\\\/www.tiktok.com\\\/@redeportiva.mx\",\"https:\\\/\\\/www.youtube.com\\\/@Redeportiva-MX\"]},{\"@type\":\"Person\",\"@id\":\"https:\\\/\\\/redeportivamx.com\\\/index.php\\\/author\\\/angel-cortez\\\/#author\",\"url\":\"https:\\\/\\\/redeportivamx.com\\\/index.php\\\/author\\\/angel-cortez\\\/\",\"name\":\"\\u00c1ngel Cortez\",\"image\":{\"@type\":\"ImageObject\",\"@id\":\"https:\\\/\\\/redeportivamx.com\\\/index.php\\\/2023\\\/08\\\/21\\\/cruz-azul-y-santos-empatan-en-el-azteca\\\/#authorImage\",\"url\":\"https:\\\/\\\/secure.gravatar.com\\\/avatar\\\/7a2a1ba429e2adbe816e5f8251d8d6c7a28c9d49b7b2b94e7156e4f797ad86d5?s=96&d=mm&r=g\",\"width\":96,\"height\":96,\"caption\":\"\\u00c1ngel Cortez\"}},{\"@type\":\"WebPage\",\"@id\":\"https:\\\/\\\/redeportivamx.com\\\/index.php\\\/2023\\\/08\\\/21\\\/cruz-azul-y-santos-empatan-en-el-azteca\\\/#webpage\",\"url\":\"https:\\\/\\\/redeportivamx.com\\\/index.php\\\/2023\\\/08\\\/21\\\/cruz-azul-y-santos-empatan-en-el-azteca\\\/\",\"name\":\"Cruz Azul y Santos empatan en el Azteca - Redeportiva MX\",\"description\":\"Celestes y Laguneros se reparten puntos El partido correspondiente a la jornada 4 entre Cruz Azul y Santos Laguna termin\\u00f3 con un empate 2-2. Al minuto 2, Santos abri\\u00f3 el marcador con un disparo de Harold Preciado, derivado de un error en la defensiva cementera que perdi\\u00f3 el bal\\u00f3n en los linderos del \\u00e1rea. Poco\",\"inLanguage\":\"es-MX\",\"isPartOf\":{\"@id\":\"https:\\\/\\\/redeportivamx.com\\\/#website\"},\"breadcrumb\":{\"@id\":\"https:\\\/\\\/redeportivamx.com\\\/index.php\\\/2023\\\/08\\\/21\\\/cruz-azul-y-santos-empatan-en-el-azteca\\\/#breadcrumblist\"},\"author\":{\"@id\":\"https:\\\/\\\/redeportivamx.com\\\/index.php\\\/author\\\/angel-cortez\\\/#author\"},\"creator\":{\"@id\":\"https:\\\/\\\/redeportivamx.com\\\/index.php\\\/author\\\/angel-cortez\\\/#author\"},\"image\":{\"@type\":\"ImageObject\",\"url\":\"https:\\\/\\\/redeportivamx.com\\\/wp-content\\\/uploads\\\/2023\\\/08\\\/20230820_190119.jpg\",\"@id\":\"https:\\\/\\\/redeportivamx.com\\\/index.php\\\/2023\\\/08\\\/21\\\/cruz-azul-y-santos-empatan-en-el-azteca\\\/#mainImage\",\"width\":2048,\"height\":1365},\"primaryImageOfPage\":{\"@id\":\"https:\\\/\\\/redeportivamx.com\\\/index.php\\\/2023\\\/08\\\/21\\\/cruz-azul-y-santos-empatan-en-el-azteca\\\/#mainImage\"},\"datePublished\":\"2023-08-21T01:08:49-06:00\",\"dateModified\":\"2023-08-21T01:09:26-06:00\"},{\"@type\":\"WebSite\",\"@id\":\"https:\\\/\\\/redeportivamx.com\\\/#website\",\"url\":\"https:\\\/\\\/redeportivamx.com\\\/\",\"name\":\"redeportivamx.com\",\"description\":\"\\u00a1Conectando tu pasi\\u00f3n!\",\"inLanguage\":\"es-MX\",\"publisher\":{\"@id\":\"https:\\\/\\\/redeportivamx.com\\\/#organization\"}}]}\n\t\t<\/script>\n\t\t<!-- All in One SEO -->\n\n","aioseo_head_json":{"title":"Cruz Azul y Santos empatan en el Azteca - Redeportiva MX","description":"Celestes y Laguneros se reparten puntos El partido correspondiente a la jornada 4 entre Cruz Azul y Santos Laguna termin\u00f3 con un empate 2-2. Al minuto 2, Santos abri\u00f3 el marcador con un disparo de Harold Preciado, derivado de un error en la defensiva cementera que perdi\u00f3 el bal\u00f3n en los linderos del \u00e1rea. Poco","canonical_url":"https:\/\/redeportivamx.com\/index.php\/2023\/08\/21\/cruz-azul-y-santos-empatan-en-el-azteca\/","robots":"max-image-preview:large","keywords":"","webmasterTools":{"miscellaneous":""},"schema":{"@context":"https:\/\/schema.org","@graph":[{"@type":"BlogPosting","@id":"https:\/\/redeportivamx.com\/index.php\/2023\/08\/21\/cruz-azul-y-santos-empatan-en-el-azteca\/#blogposting","name":"Cruz Azul y Santos empatan en el Azteca - Redeportiva MX","headline":"Cruz Azul y Santos empatan en el Azteca","author":{"@id":"https:\/\/redeportivamx.com\/index.php\/author\/angel-cortez\/#author"},"publisher":{"@id":"https:\/\/redeportivamx.com\/#organization"},"image":{"@type":"ImageObject","url":"https:\/\/redeportivamx.com\/wp-content\/uploads\/2023\/08\/20230820_190119.jpg","width":2048,"height":1365},"datePublished":"2023-08-21T01:08:49-06:00","dateModified":"2023-08-21T01:09:26-06:00","inLanguage":"es-MX","mainEntityOfPage":{"@id":"https:\/\/redeportivamx.com\/index.php\/2023\/08\/21\/cruz-azul-y-santos-empatan-en-el-azteca\/#webpage"},"isPartOf":{"@id":"https:\/\/redeportivamx.com\/index.php\/2023\/08\/21\/cruz-azul-y-santos-empatan-en-el-azteca\/#webpage"},"articleSection":"Liga BBVA MX"},{"@type":"BreadcrumbList","@id":"https:\/\/redeportivamx.com\/index.php\/2023\/08\/21\/cruz-azul-y-santos-empatan-en-el-azteca\/#breadcrumblist","itemListElement":[{"@type":"ListItem","@id":"https:\/\/redeportivamx.com#listItem","position":1,"name":"Home","item":"https:\/\/redeportivamx.com","nextItem":{"@type":"ListItem","@id":"https:\/\/redeportivamx.com\/index.php\/category\/liga-bbva-mx\/#listItem","name":"Liga BBVA MX"}},{"@type":"ListItem","@id":"https:\/\/redeportivamx.com\/index.php\/category\/liga-bbva-mx\/#listItem","position":2,"name":"Liga BBVA MX","item":"https:\/\/redeportivamx.com\/index.php\/category\/liga-bbva-mx\/","nextItem":{"@type":"ListItem","@id":"https:\/\/redeportivamx.com\/index.php\/2023\/08\/21\/cruz-azul-y-santos-empatan-en-el-azteca\/#listItem","name":"Cruz Azul y Santos empatan en el Azteca"},"previousItem":{"@type":"ListItem","@id":"https:\/\/redeportivamx.com#listItem","name":"Home"}},{"@type":"ListItem","@id":"https:\/\/redeportivamx.com\/index.php\/2023\/08\/21\/cruz-azul-y-santos-empatan-en-el-azteca\/#listItem","position":3,"name":"Cruz Azul y Santos empatan en el Azteca","previousItem":{"@type":"ListItem","@id":"https:\/\/redeportivamx.com\/index.php\/category\/liga-bbva-mx\/#listItem","name":"Liga BBVA MX"}}]},{"@type":"Organization","@id":"https:\/\/redeportivamx.com\/#organization","name":"redeportivamx.com","description":"\u00a1Conectando tu pasi\u00f3n!","url":"https:\/\/redeportivamx.com\/","sameAs":["https:\/\/www.facebook.com\/profile.php?id=61565592572733","https:\/\/x.com\/Redeportivamx?s=20","https:\/\/www.instagram.com\/redeportivamx\/","https:\/\/www.tiktok.com\/@redeportiva.mx","https:\/\/www.youtube.com\/@Redeportiva-MX"]},{"@type":"Person","@id":"https:\/\/redeportivamx.com\/index.php\/author\/angel-cortez\/#author","url":"https:\/\/redeportivamx.com\/index.php\/author\/angel-cortez\/","name":"\u00c1ngel Cortez","image":{"@type":"ImageObject","@id":"https:\/\/redeportivamx.com\/index.php\/2023\/08\/21\/cruz-azul-y-santos-empatan-en-el-azteca\/#authorImage","url":"https:\/\/secure.gravatar.com\/avatar\/7a2a1ba429e2adbe816e5f8251d8d6c7a28c9d49b7b2b94e7156e4f797ad86d5?s=96&d=mm&r=g","width":96,"height":96,"caption":"\u00c1ngel Cortez"}},{"@type":"WebPage","@id":"https:\/\/redeportivamx.com\/index.php\/2023\/08\/21\/cruz-azul-y-santos-empatan-en-el-azteca\/#webpage","url":"https:\/\/redeportivamx.com\/index.php\/2023\/08\/21\/cruz-azul-y-santos-empatan-en-el-azteca\/","name":"Cruz Azul y Santos empatan en el Azteca - Redeportiva MX","description":"Celestes y Laguneros se reparten puntos El partido correspondiente a la jornada 4 entre Cruz Azul y Santos Laguna termin\u00f3 con un empate 2-2. Al minuto 2, Santos abri\u00f3 el marcador con un disparo de Harold Preciado, derivado de un error en la defensiva cementera que perdi\u00f3 el bal\u00f3n en los linderos del \u00e1rea. Poco","inLanguage":"es-MX","isPartOf":{"@id":"https:\/\/redeportivamx.com\/#website"},"breadcrumb":{"@id":"https:\/\/redeportivamx.com\/index.php\/2023\/08\/21\/cruz-azul-y-santos-empatan-en-el-azteca\/#breadcrumblist"},"author":{"@id":"https:\/\/redeportivamx.com\/index.php\/author\/angel-cortez\/#author"},"creator":{"@id":"https:\/\/redeportivamx.com\/index.php\/author\/angel-cortez\/#author"},"image":{"@type":"ImageObject","url":"https:\/\/redeportivamx.com\/wp-content\/uploads\/2023\/08\/20230820_190119.jpg","@id":"https:\/\/redeportivamx.com\/index.php\/2023\/08\/21\/cruz-azul-y-santos-empatan-en-el-azteca\/#mainImage","width":2048,"height":1365},"primaryImageOfPage":{"@id":"https:\/\/redeportivamx.com\/index.php\/2023\/08\/21\/cruz-azul-y-santos-empatan-en-el-azteca\/#mainImage"},"datePublished":"2023-08-21T01:08:49-06:00","dateModified":"2023-08-21T01:09:26-06:00"},{"@type":"WebSite","@id":"https:\/\/redeportivamx.com\/#website","url":"https:\/\/redeportivamx.com\/","name":"redeportivamx.com","description":"\u00a1Conectando tu pasi\u00f3n!","inLanguage":"es-MX","publisher":{"@id":"https:\/\/redeportivamx.com\/#organization"}}]},"og:locale":"es_MX","og:site_name":"Redeportiva MX - \u00a1Conectando tu pasi\u00f3n!","og:type":"sport","og:title":"Cruz Azul y Santos empatan en el Azteca - Redeportiva MX","og:description":"Celestes y Laguneros se reparten puntos El partido correspondiente a la jornada 4 entre Cruz Azul y Santos Laguna termin\u00f3 con un empate 2-2. Al minuto 2, Santos abri\u00f3 el marcador con un disparo de Harold Preciado, derivado de un error en la defensiva cementera que perdi\u00f3 el bal\u00f3n en los linderos del \u00e1rea. Poco","og:url":"https:\/\/redeportivamx.com\/index.php\/2023\/08\/21\/cruz-azul-y-santos-empatan-en-el-azteca\/","og:image":"https:\/\/redeportivamx.com\/wp-content\/uploads\/2023\/08\/20230820_190119.jpg","og:image:secure_url":"https:\/\/redeportivamx.com\/wp-content\/uploads\/2023\/08\/20230820_190119.jpg","og:image:width":2048,"og:image:height":1365,"twitter:card":"summary_large_image","twitter:site":"@Redeportivamx","twitter:title":"Cruz Azul y Santos empatan en el Azteca - Redeportiva MX","twitter:description":"Celestes y Laguneros se reparten puntos El partido correspondiente a la jornada 4 entre Cruz Azul y Santos Laguna termin\u00f3 con un empate 2-2. Al minuto 2, Santos abri\u00f3 el marcador con un disparo de Harold Preciado, derivado de un error en la defensiva cementera que perdi\u00f3 el bal\u00f3n en los linderos del \u00e1rea. Poco","twitter:creator":"@Redeportivamx","twitter:image":"https:\/\/redeportivamx.com\/wp-content\/uploads\/2023\/08\/20230820_190119.jpg"},"aioseo_meta_data":{"post_id":"25770","title":null,"description":null,"keywords":null,"keyphrases":null,"primary_term":null,"canonical_url":null,"og_title":null,"og_description":null,"og_object_type":"default","og_image_type":"default","og_image_url":null,"og_image_width":null,"og_image_height":null,"og_image_custom_url":null,"og_image_custom_fields":null,"og_video":null,"og_custom_url":null,"og_article_section":null,"og_article_tags":null,"twitter_use_og":false,"twitter_card":"default","twitter_image_type":"default","twitter_image_url":null,"twitter_image_custom_url":null,"twitter_image_custom_fields":null,"twitter_title":null,"twitter_description":null,"schema":{"blockGraphs":[],"customGraphs":[],"default":{"data":{"Article":[],"Course":[],"Dataset":[],"FAQPage":[],"Movie":[],"Person":[],"Product":[],"ProductReview":[],"Car":[],"Recipe":[],"Service":[],"SoftwareApplication":[],"WebPage":[]},"graphName":"","isEnabled":true},"graphs":[]},"schema_type":"default","schema_type_options":null,"pillar_content":false,"robots_default":true,"robots_noindex":false,"robots_noarchive":false,"robots_nosnippet":false,"robots_nofollow":false,"robots_noimageindex":false,"robots_noodp":false,"robots_notranslate":false,"robots_max_snippet":null,"robots_max_videopreview":null,"robots_max_imagepreview":"large","priority":null,"frequency":null,"local_seo":null,"breadcrumb_settings":null,"limit_modified_date":false,"ai":null,"created":"2023-08-21 01:09:28","updated":"2025-06-04 13:25:04","seo_analyzer_scan_date":null,"focus_keyword":null,"additional_keywords":null,"truseo_locale":null},"aioseo_breadcrumb":"<div class=\"aioseo-breadcrumbs\"><span class=\"aioseo-breadcrumb\">\n\t\t\t<a href=\"https:\/\/redeportivamx.com\" title=\"Home\">Home<\/a>\n\t\t<\/span><span class=\"aioseo-breadcrumb-separator\">&raquo;<\/span><span class=\"aioseo-breadcrumb\">\n\t\t\t<a href=\"https:\/\/redeportivamx.com\/index.php\/category\/liga-bbva-mx\/\" title=\"Liga BBVA MX\">Liga BBVA MX<\/a>\n\t\t<\/span><span class=\"aioseo-breadcrumb-separator\">&raquo;<\/span><span class=\"aioseo-breadcrumb\">\n\t\t\tCruz Azul y Santos empatan en el Azteca\n\t\t<\/span><\/div>","aioseo_breadcrumb_json":[{"label":"Home","link":"https:\/\/redeportivamx.com"},{"label":"Liga BBVA MX","link":"https:\/\/redeportivamx.com\/index.php\/category\/liga-bbva-mx\/"},{"label":"Cruz Azul y Santos empatan en el Azteca","link":"https:\/\/redeportivamx.com\/index.php\/2023\/08\/21\/cruz-azul-y-santos-empatan-en-el-azteca\/"}],"jetpack_sharing_enabled":true,"jetpack_featured_media_url":"https:\/\/redeportivamx.com\/wp-content\/uploads\/2023\/08\/20230820_190119.jpg","_links":{"self":[{"href":"https:\/\/redeportivamx.com\/index.php\/wp-json\/wp\/v2\/posts\/25770","targetHints":{"allow":["GET"]}}],"collection":[{"href":"https:\/\/redeportivamx.com\/index.php\/wp-json\/wp\/v2\/posts"}],"about":[{"href":"https:\/\/redeportivamx.com\/index.php\/wp-json\/wp\/v2\/types\/post"}],"author":[{"embeddable":true,"href":"https:\/\/redeportivamx.com\/index.php\/wp-json\/wp\/v2\/users\/12"}],"replies":[{"embeddable":true,"href":"https:\/\/redeportivamx.com\/index.php\/wp-json\/wp\/v2\/comments?post=25770"}],"version-history":[{"count":2,"href":"https:\/\/redeportivamx.com\/index.php\/wp-json\/wp\/v2\/posts\/25770\/revisions"}],"predecessor-version":[{"id":25774,"href":"https:\/\/redeportivamx.com\/index.php\/wp-json\/wp\/v2\/posts\/25770\/revisions\/25774"}],"wp:featuredmedia":[{"embeddable":true,"href":"https:\/\/redeportivamx.com\/index.php\/wp-json\/wp\/v2\/media\/25773"}],"wp:attachment":[{"href":"https:\/\/redeportivamx.com\/index.php\/wp-json\/wp\/v2\/media?parent=25770"}],"wp:term":[{"taxonomy":"category","embeddable":true,"href":"https:\/\/redeportivamx.com\/index.php\/wp-json\/wp\/v2\/categories?post=25770"},{"taxonomy":"post_tag","embeddable":true,"href":"https:\/\/redeportivamx.com\/index.php\/wp-json\/wp\/v2\/tags?post=25770"}],"curies":[{"name":"wp","href":"https:\/\/api.w.org\/{rel}","templated":true}]}}