{"id":25651,"date":"2023-08-18T23:43:53","date_gmt":"2023-08-18T23:43:53","guid":{"rendered":"https:\/\/redeportivamx.com\/?p=25651"},"modified":"2023-10-01T19:18:25","modified_gmt":"2023-10-01T19:18:25","slug":"perez-es-bueno-pero-max-es-el-mejor-mario-andretti","status":"publish","type":"post","link":"https:\/\/redeportivamx.com\/index.php\/2023\/08\/18\/perez-es-bueno-pero-max-es-el-mejor-mario-andretti\/","title":{"rendered":"P\u00e9rez es bueno, pero Max es el mejor: Mario Andretti"},"content":{"rendered":"\n<h2 class=\"wp-block-heading\">El expiloto estadounidense asegur\u00f3 que P\u00e9rez es un gran piloto, pero no tiene duda en que Max es el mejor del mundo.<\/h2>\n\n\n\n<p>El excampe\u00f3n de la <strong><a href=\"https:\/\/redeportivamx.com\/index.php\/category\/formula-1\/\" target=\"_blank\" rel=\"noopener\" title=\"\">Formula 1<\/a><\/strong>, <strong>Mario Andretti<\/strong> se encuentra en la b\u00fasqueda de una oportunidad para entrar con su equipo a la m\u00e1xima categor\u00eda del automovilismo. Aprovechando la oportunidad, ha comentado sobre la relaci\u00f3n de <strong>Max<\/strong> y <strong>Checo<\/strong>.<\/p>\n\n\n\n<figure class=\"wp-block-gallery has-nested-images columns-default is-cropped wp-block-gallery-1 is-layout-flex wp-block-gallery-is-layout-flex\">\n<figure class=\"wp-block-image size-large\"><img fetchpriority=\"high\" decoding=\"async\" width=\"1024\" height=\"768\" data-id=\"25652\" src=\"https:\/\/redeportivamx.com\/wp-content\/uploads\/2023\/08\/Mario-1024x768.jpg\" alt=\"\" class=\"wp-image-25652\" srcset=\"https:\/\/redeportivamx.com\/wp-content\/uploads\/2023\/08\/Mario-1024x768.jpg 1024w, https:\/\/redeportivamx.com\/wp-content\/uploads\/2023\/08\/Mario-300x225.jpg 300w, https:\/\/redeportivamx.com\/wp-content\/uploads\/2023\/08\/Mario-768x576.jpg 768w, https:\/\/redeportivamx.com\/wp-content\/uploads\/2023\/08\/Mario-800x600.jpg 800w, https:\/\/redeportivamx.com\/wp-content\/uploads\/2023\/08\/Mario.jpg 1200w\" sizes=\"(max-width: 1024px) 100vw, 1024px\" \/><\/figure>\n<\/figure>\n\n\n\n<p>El estadounidense no perdi\u00f3 el tiempo para elogiar al mexicano. Coment\u00f3 que <strong>P\u00e9rez<\/strong> era un buen piloto, reconociendo sus habilidades en pista. No obstante, dej\u00f3 en claro que <strong>Verstappen<\/strong> es el mejor, y que <strong>Checo<\/strong> no era rival para el neerland\u00e9s:<\/p>\n\n\n\n<blockquote class=\"wp-block-quote is-layout-flow wp-block-quote-is-layout-flow\">\n<p>&#8220;Max es el n\u00famero uno del equipo y por una buena raz\u00f3n. Su rendimiento actual es absolutamente impresionante. Est\u00e1 haciendo historia, lo cual es maravilloso para el deporte&#8221;<\/p>\n<cite>Andretti.<\/cite><\/blockquote>\n\n\n\n<figure class=\"wp-block-gallery has-nested-images columns-default is-cropped wp-block-gallery-2 is-layout-flex wp-block-gallery-is-layout-flex\">\n<figure class=\"wp-block-image size-large\"><img decoding=\"async\" width=\"1024\" height=\"576\" data-id=\"25653\" src=\"https:\/\/redeportivamx.com\/wp-content\/uploads\/2023\/08\/Perez-v-Max-1-1024x576.jpg\" alt=\"\" class=\"wp-image-25653\" srcset=\"https:\/\/redeportivamx.com\/wp-content\/uploads\/2023\/08\/Perez-v-Max-1-1024x576.jpg 1024w, https:\/\/redeportivamx.com\/wp-content\/uploads\/2023\/08\/Perez-v-Max-1-300x169.jpg 300w, https:\/\/redeportivamx.com\/wp-content\/uploads\/2023\/08\/Perez-v-Max-1-768x432.jpg 768w, https:\/\/redeportivamx.com\/wp-content\/uploads\/2023\/08\/Perez-v-Max-1.jpg 1440w\" sizes=\"(max-width: 1024px) 100vw, 1024px\" \/><\/figure>\n<\/figure>\n\n\n\n<p>El estadounidense buscar\u00e1 la oportunidad de ingresar a la F1. Y hoy suena como uno de los favoritos para comprar el equipo <strong><a href=\"https:\/\/www.alpinecars.es\/formula-1.html\" target=\"_blank\" rel=\"noopener\" title=\"\">Alpine<\/a><\/strong>.<\/p>\n","protected":false},"excerpt":{"rendered":"<p>El expiloto estadounidense asegur\u00f3 que P\u00e9rez es un gran piloto, pero no tiene duda en que Max es el mejor del mundo. El excampe\u00f3n de la Formula 1, Mario Andretti se encuentra en la b\u00fasqueda de una oportunidad para entrar con su equipo a la m\u00e1xima categor\u00eda del automovilismo. Aprovechando la oportunidad, ha comentado sobre [&hellip;]<\/p>\n","protected":false},"author":9,"featured_media":25653,"comment_status":"open","ping_status":"open","sticky":false,"template":"","format":"standard","meta":{"_monsterinsights_skip_tracking":false,"_monsterinsights_sitenote_active":false,"_monsterinsights_sitenote_note":"","_monsterinsights_sitenote_category":0,"_jetpack_memberships_contains_paid_content":false,"footnotes":""},"categories":[7],"tags":[45],"class_list":["post-25651","post","type-post","status-publish","format-standard","has-post-thumbnail","hentry","category-formula-1","tag-formula-1"],"aioseo_notices":[],"jetpack_featured_media_url":"https:\/\/redeportivamx.com\/wp-content\/uploads\/2023\/08\/Perez-v-Max-1.jpg","jetpack_sharing_enabled":true,"_links":{"self":[{"href":"https:\/\/redeportivamx.com\/index.php\/wp-json\/wp\/v2\/posts\/25651","targetHints":{"allow":["GET"]}}],"collection":[{"href":"https:\/\/redeportivamx.com\/index.php\/wp-json\/wp\/v2\/posts"}],"about":[{"href":"https:\/\/redeportivamx.com\/index.php\/wp-json\/wp\/v2\/types\/post"}],"author":[{"embeddable":true,"href":"https:\/\/redeportivamx.com\/index.php\/wp-json\/wp\/v2\/users\/9"}],"replies":[{"embeddable":true,"href":"https:\/\/redeportivamx.com\/index.php\/wp-json\/wp\/v2\/comments?post=25651"}],"version-history":[{"count":1,"href":"https:\/\/redeportivamx.com\/index.php\/wp-json\/wp\/v2\/posts\/25651\/revisions"}],"predecessor-version":[{"id":25654,"href":"https:\/\/redeportivamx.com\/index.php\/wp-json\/wp\/v2\/posts\/25651\/revisions\/25654"}],"wp:featuredmedia":[{"embeddable":true,"href":"https:\/\/redeportivamx.com\/index.php\/wp-json\/wp\/v2\/media\/25653"}],"wp:attachment":[{"href":"https:\/\/redeportivamx.com\/index.php\/wp-json\/wp\/v2\/media?parent=25651"}],"wp:term":[{"taxonomy":"category","embeddable":true,"href":"https:\/\/redeportivamx.com\/index.php\/wp-json\/wp\/v2\/categories?post=25651"},{"taxonomy":"post_tag","embeddable":true,"href":"https:\/\/redeportivamx.com\/index.php\/wp-json\/wp\/v2\/tags?post=25651"}],"curies":[{"name":"wp","href":"https:\/\/api.w.org\/{rel}","templated":true}]}}