{"id":25647,"date":"2023-08-18T23:17:12","date_gmt":"2023-08-18T23:17:12","guid":{"rendered":"https:\/\/redeportivamx.com\/?p=25647"},"modified":"2023-10-01T19:18:40","modified_gmt":"2023-10-01T19:18:40","slug":"felipe-massa-campeon-del-mundo-2008","status":"publish","type":"post","link":"https:\/\/redeportivamx.com\/index.php\/2023\/08\/18\/felipe-massa-campeon-del-mundo-2008\/","title":{"rendered":"\u00bfFelipe Massa campe\u00f3n del mundo 2008?"},"content":{"rendered":"\n<h2 class=\"wp-block-heading\">El expiloto brasile\u00f1o ha dado el primer paso en su lucha por tomar el t\u00edtulo de 2008<\/h2>\n\n\n\n<p>El expiloto de <strong><a href=\"https:\/\/www.ferrari.com\/en-EN\/formula1\" title=\"\">Ferrari<\/a><\/strong> ha comenzado una lucha legal en contra de la <strong><a href=\"https:\/\/redeportivamx.com\/index.php\/category\/formula-1\/\" target=\"_blank\" rel=\"noopener\" title=\"\">Formula 1<\/a><\/strong> y la <strong><a href=\"https:\/\/www.fia.com\/es\/la-fia\" target=\"_blank\" rel=\"noopener\" title=\"\">FIA<\/a><\/strong> por recuperar el <strong>t\u00edtulo de 2008<\/strong>. De acuerdo con sus palabras, su derrota en el campeonato de 2008 se dio debido a la incompetencia de las autoridades. El foco de esta disputa se centra en el &#8220;<strong>crash gate<\/strong>&#8221; del <strong>GP de Singapur<\/strong>.<\/p>\n\n\n\n<figure class=\"wp-block-gallery has-nested-images columns-default is-cropped wp-block-gallery-1 is-layout-flex wp-block-gallery-is-layout-flex\">\n<figure class=\"wp-block-image size-large\"><img fetchpriority=\"high\" decoding=\"async\" width=\"1000\" height=\"667\" data-id=\"25649\" src=\"https:\/\/redeportivamx.com\/wp-content\/uploads\/2023\/08\/Massa-2008.jpg\" alt=\"\" class=\"wp-image-25649\" srcset=\"https:\/\/redeportivamx.com\/wp-content\/uploads\/2023\/08\/Massa-2008.jpg 1000w, https:\/\/redeportivamx.com\/wp-content\/uploads\/2023\/08\/Massa-2008-300x200.jpg 300w, https:\/\/redeportivamx.com\/wp-content\/uploads\/2023\/08\/Massa-2008-768x512.jpg 768w\" sizes=\"(max-width: 1000px) 100vw, 1000px\" \/><\/figure>\n<\/figure>\n\n\n\n<p>El &#8220;<strong>crash gate<\/strong>&#8221; fue un incidente que sacudi\u00f3 al mundo del automovilismo en la d\u00e9cada pasada. Este, consisti\u00f3 en un choque intencional de <strong>Nelson Piquet Jr<\/strong> por \u00f3rdenes del equipo <strong>Renault<\/strong>. El objetivo de este plan era darle la victoria a <strong>Fernando Alonso<\/strong> (logro conseguido). Lamentablemente, la jugada del equipo franc\u00e9s releg\u00f3 a <strong>Massa<\/strong> desde el primer puesto hasta la d\u00e9cima posici\u00f3n.<\/p>\n\n\n\n<figure class=\"wp-block-gallery has-nested-images columns-default is-cropped wp-block-gallery-2 is-layout-flex wp-block-gallery-is-layout-flex\">\n<figure class=\"wp-block-image size-large\"><img decoding=\"async\" width=\"800\" height=\"533\" data-id=\"25648\" src=\"https:\/\/redeportivamx.com\/wp-content\/uploads\/2023\/08\/crash-gate.webp\" alt=\"\" class=\"wp-image-25648\" srcset=\"https:\/\/redeportivamx.com\/wp-content\/uploads\/2023\/08\/crash-gate.webp 800w, https:\/\/redeportivamx.com\/wp-content\/uploads\/2023\/08\/crash-gate-300x200.webp 300w, https:\/\/redeportivamx.com\/wp-content\/uploads\/2023\/08\/crash-gate-768x512.webp 768w\" sizes=\"(max-width: 800px) 100vw, 800px\" \/><\/figure>\n<\/figure>\n\n\n\n<p>Los puntos perdidos en aquella carrera fueron cruciales para el desenlace del mundial en el <strong>GP de Brasil.<\/strong> Pues en esa carrera <strong>Hamilton<\/strong> logr\u00f3 arrebatarle el t\u00edtulo a <strong>Massa<\/strong> por tan solo un punto. As\u00ed pues, a 15 a\u00f1os de aquella temporada podr\u00edamos coronar a un <strong>nuevo campe\u00f3n del mundo<\/strong>.<\/p>\n","protected":false},"excerpt":{"rendered":"<p>El expiloto brasile\u00f1o ha dado el primer paso en su lucha por tomar el t\u00edtulo de 2008 El expiloto de Ferrari ha comenzado una lucha legal en contra de la Formula 1 y la FIA por recuperar el t\u00edtulo de 2008. De acuerdo con sus palabras, su derrota en el campeonato de 2008 se dio [&hellip;]<\/p>\n","protected":false},"author":9,"featured_media":25649,"comment_status":"open","ping_status":"open","sticky":false,"template":"","format":"standard","meta":{"_monsterinsights_skip_tracking":false,"_monsterinsights_sitenote_active":false,"_monsterinsights_sitenote_note":"","_monsterinsights_sitenote_category":0,"_jetpack_memberships_contains_paid_content":false,"footnotes":""},"categories":[7],"tags":[45],"class_list":["post-25647","post","type-post","status-publish","format-standard","has-post-thumbnail","hentry","category-formula-1","tag-formula-1"],"aioseo_notices":[],"jetpack_featured_media_url":"https:\/\/redeportivamx.com\/wp-content\/uploads\/2023\/08\/Massa-2008.jpg","jetpack_sharing_enabled":true,"_links":{"self":[{"href":"https:\/\/redeportivamx.com\/index.php\/wp-json\/wp\/v2\/posts\/25647","targetHints":{"allow":["GET"]}}],"collection":[{"href":"https:\/\/redeportivamx.com\/index.php\/wp-json\/wp\/v2\/posts"}],"about":[{"href":"https:\/\/redeportivamx.com\/index.php\/wp-json\/wp\/v2\/types\/post"}],"author":[{"embeddable":true,"href":"https:\/\/redeportivamx.com\/index.php\/wp-json\/wp\/v2\/users\/9"}],"replies":[{"embeddable":true,"href":"https:\/\/redeportivamx.com\/index.php\/wp-json\/wp\/v2\/comments?post=25647"}],"version-history":[{"count":1,"href":"https:\/\/redeportivamx.com\/index.php\/wp-json\/wp\/v2\/posts\/25647\/revisions"}],"predecessor-version":[{"id":25650,"href":"https:\/\/redeportivamx.com\/index.php\/wp-json\/wp\/v2\/posts\/25647\/revisions\/25650"}],"wp:featuredmedia":[{"embeddable":true,"href":"https:\/\/redeportivamx.com\/index.php\/wp-json\/wp\/v2\/media\/25649"}],"wp:attachment":[{"href":"https:\/\/redeportivamx.com\/index.php\/wp-json\/wp\/v2\/media?parent=25647"}],"wp:term":[{"taxonomy":"category","embeddable":true,"href":"https:\/\/redeportivamx.com\/index.php\/wp-json\/wp\/v2\/categories?post=25647"},{"taxonomy":"post_tag","embeddable":true,"href":"https:\/\/redeportivamx.com\/index.php\/wp-json\/wp\/v2\/tags?post=25647"}],"curies":[{"name":"wp","href":"https:\/\/api.w.org\/{rel}","templated":true}]}}