{"id":25597,"date":"2023-08-18T01:24:32","date_gmt":"2023-08-18T01:24:32","guid":{"rendered":"https:\/\/redeportivamx.com\/?p=25597"},"modified":"2023-10-01T19:18:56","modified_gmt":"2023-10-01T19:18:56","slug":"charles-leclerc-y-su-renovacion-con-ferrari","status":"publish","type":"post","link":"https:\/\/redeportivamx.com\/index.php\/2023\/08\/18\/charles-leclerc-y-su-renovacion-con-ferrari\/","title":{"rendered":"Charles Leclerc y su renovaci\u00f3n con Ferrari"},"content":{"rendered":"\n<h2 class=\"wp-block-heading\">El piloto monegasco se encuentra en medio de las negociaciones por decidir su futuro dentro de la Formula 1<\/h2>\n\n\n\n<p>La muy posible renovaci\u00f3n de <strong>Charles Leclerc<\/strong> en <strong><a href=\"https:\/\/www.ferrari.com\/en-EN\/formula1\" target=\"_blank\" rel=\"noopener\" title=\"\">Ferrari<\/a><\/strong> se\u00f1ala el inicio de la &#8220;era Vasseur&#8221; en el equipo. La estabilidad es crucial para el futuro de <strong>Ferrari<\/strong> y este acuerdo podr\u00eda ser clave para su \u00e9xito. Bajo la direcci\u00f3n de Frederic Vasseur, el equipo se reconstruye para regresar a la cima. Y parece que Leclerc ser\u00e1 el centro de la nueva era de los italianos.<\/p>\n\n\n\n<figure class=\"wp-block-gallery has-nested-images columns-default is-cropped wp-block-gallery-1 is-layout-flex wp-block-gallery-is-layout-flex\">\n<figure class=\"wp-block-image size-large\"><img fetchpriority=\"high\" decoding=\"async\" width=\"640\" height=\"360\" data-id=\"25598\" src=\"https:\/\/redeportivamx.com\/wp-content\/uploads\/2023\/08\/Leclerc-ferrari.jpg\" alt=\"\" class=\"wp-image-25598\" srcset=\"https:\/\/redeportivamx.com\/wp-content\/uploads\/2023\/08\/Leclerc-ferrari.jpg 640w, https:\/\/redeportivamx.com\/wp-content\/uploads\/2023\/08\/Leclerc-ferrari-300x169.jpg 300w\" sizes=\"(max-width: 640px) 100vw, 640px\" \/><\/figure>\n<\/figure>\n\n\n\n<p>Aunque es considerada por algunos como el segundo mejor piloto de la<strong> <a href=\"https:\/\/redeportivamx.com\/index.php\/category\/formula-1\/\" target=\"_blank\" rel=\"noopener\" title=\"\">Formula 1<\/a><\/strong>, algunos coloc\u00e1ndolo a la par de <strong>Max Verstappen<\/strong>, pero no ha logrado replicar los resultados del neerland\u00e9s. La mayor parte de la culpa se le ha cargado al equipo italiano, principalmente por errores en estrategia y fiabilidad.<\/p>\n\n\n\n<figure class=\"wp-block-gallery has-nested-images columns-default is-cropped wp-block-gallery-2 is-layout-flex wp-block-gallery-is-layout-flex\">\n<figure class=\"wp-block-image size-large\"><img decoding=\"async\" width=\"1024\" height=\"576\" data-id=\"25600\" src=\"https:\/\/redeportivamx.com\/wp-content\/uploads\/2023\/08\/Max-V-LEc-1024x576.jpg\" alt=\"\" class=\"wp-image-25600\" srcset=\"https:\/\/redeportivamx.com\/wp-content\/uploads\/2023\/08\/Max-V-LEc-1024x576.jpg 1024w, https:\/\/redeportivamx.com\/wp-content\/uploads\/2023\/08\/Max-V-LEc-300x169.jpg 300w, https:\/\/redeportivamx.com\/wp-content\/uploads\/2023\/08\/Max-V-LEc-768x432.jpg 768w, https:\/\/redeportivamx.com\/wp-content\/uploads\/2023\/08\/Max-V-LEc-1536x864.jpg 1536w, https:\/\/redeportivamx.com\/wp-content\/uploads\/2023\/08\/Max-V-LEc.jpg 2048w\" sizes=\"(max-width: 1024px) 100vw, 1024px\" \/><\/figure>\n<\/figure>\n\n\n\n<p>La relaci\u00f3n lleg\u00f3 a su punto m\u00e1s bajo durante la temporada 2022. Temporada en la cual pudo so\u00f1ar por el campeonato, en un inicio. No obstante, errores de fiabilidad, estrategia y baja de rendimiento lo alejaron del sue\u00f1o. Adem\u00e1s, su relaci\u00f3n con el exdirector, <strong>Matia Binotto<\/strong> pareci\u00f3 romperse tras el <strong>GP del Reino Unido de 2023<\/strong>.<\/p>\n\n\n\n<figure class=\"wp-block-gallery has-nested-images columns-default is-cropped wp-block-gallery-3 is-layout-flex wp-block-gallery-is-layout-flex\">\n<figure class=\"wp-block-image size-large\"><img decoding=\"async\" width=\"1024\" height=\"682\" data-id=\"25601\" src=\"https:\/\/redeportivamx.com\/wp-content\/uploads\/2023\/08\/Binotto-Leclerc-1-1024x682.jpg\" alt=\"\" class=\"wp-image-25601\" srcset=\"https:\/\/redeportivamx.com\/wp-content\/uploads\/2023\/08\/Binotto-Leclerc-1-1024x682.jpg 1024w, https:\/\/redeportivamx.com\/wp-content\/uploads\/2023\/08\/Binotto-Leclerc-1-300x200.jpg 300w, https:\/\/redeportivamx.com\/wp-content\/uploads\/2023\/08\/Binotto-Leclerc-1-768x512.jpg 768w, https:\/\/redeportivamx.com\/wp-content\/uploads\/2023\/08\/Binotto-Leclerc-1.jpg 1075w\" sizes=\"(max-width: 1024px) 100vw, 1024px\" \/><\/figure>\n<\/figure>\n\n\n\n<p>Sin embargo, la llegada de <strong>Vasseur<\/strong> parece haber cambiado la situaci\u00f3n. Los rumores indican que Leclerc se habr\u00eda comprometido con <strong>Ferrari<\/strong> por cinco a\u00f1os m\u00e1s, hasta finales de <strong>2029<\/strong>. El acuerdo contempla una extensi\u00f3n de dos a\u00f1os m\u00e1s, <strong>2025 y 2026<\/strong>. Adem\u00e1s, se habla de una extensi\u00f3n opcional basada en resultados, permiti\u00e9ndole salir entre <strong>2027 y 2029<\/strong> si el rendimiento no es el deseado.<\/p>\n\n\n\n<figure class=\"wp-block-gallery has-nested-images columns-default is-cropped wp-block-gallery-4 is-layout-flex wp-block-gallery-is-layout-flex\">\n<figure class=\"wp-block-image size-large\"><img loading=\"lazy\" decoding=\"async\" width=\"1024\" height=\"576\" data-id=\"25602\" src=\"https:\/\/redeportivamx.com\/wp-content\/uploads\/2023\/08\/Lec-Vasseur-1024x576.jpg\" alt=\"\" class=\"wp-image-25602\" srcset=\"https:\/\/redeportivamx.com\/wp-content\/uploads\/2023\/08\/Lec-Vasseur-1024x576.jpg 1024w, https:\/\/redeportivamx.com\/wp-content\/uploads\/2023\/08\/Lec-Vasseur-300x169.jpg 300w, https:\/\/redeportivamx.com\/wp-content\/uploads\/2023\/08\/Lec-Vasseur-768x432.jpg 768w, https:\/\/redeportivamx.com\/wp-content\/uploads\/2023\/08\/Lec-Vasseur.jpg 1125w\" sizes=\"(max-width: 1024px) 100vw, 1024px\" \/><\/figure>\n<\/figure>\n","protected":false},"excerpt":{"rendered":"<p>El piloto monegasco se encuentra en medio de las negociaciones por decidir su futuro dentro de la Formula 1 La muy posible renovaci\u00f3n de Charles Leclerc en Ferrari se\u00f1ala el inicio de la &#8220;era Vasseur&#8221; en el equipo. La estabilidad es crucial para el futuro de Ferrari y este acuerdo podr\u00eda ser clave para su [&hellip;]<\/p>\n","protected":false},"author":9,"featured_media":25598,"comment_status":"open","ping_status":"open","sticky":false,"template":"","format":"standard","meta":{"_monsterinsights_skip_tracking":false,"_monsterinsights_sitenote_active":false,"_monsterinsights_sitenote_note":"","_monsterinsights_sitenote_category":0,"_jetpack_memberships_contains_paid_content":false,"footnotes":""},"categories":[7],"tags":[45],"class_list":["post-25597","post","type-post","status-publish","format-standard","has-post-thumbnail","hentry","category-formula-1","tag-formula-1"],"aioseo_notices":[],"jetpack_featured_media_url":"https:\/\/redeportivamx.com\/wp-content\/uploads\/2023\/08\/Leclerc-ferrari.jpg","jetpack_sharing_enabled":true,"_links":{"self":[{"href":"https:\/\/redeportivamx.com\/index.php\/wp-json\/wp\/v2\/posts\/25597","targetHints":{"allow":["GET"]}}],"collection":[{"href":"https:\/\/redeportivamx.com\/index.php\/wp-json\/wp\/v2\/posts"}],"about":[{"href":"https:\/\/redeportivamx.com\/index.php\/wp-json\/wp\/v2\/types\/post"}],"author":[{"embeddable":true,"href":"https:\/\/redeportivamx.com\/index.php\/wp-json\/wp\/v2\/users\/9"}],"replies":[{"embeddable":true,"href":"https:\/\/redeportivamx.com\/index.php\/wp-json\/wp\/v2\/comments?post=25597"}],"version-history":[{"count":1,"href":"https:\/\/redeportivamx.com\/index.php\/wp-json\/wp\/v2\/posts\/25597\/revisions"}],"predecessor-version":[{"id":25603,"href":"https:\/\/redeportivamx.com\/index.php\/wp-json\/wp\/v2\/posts\/25597\/revisions\/25603"}],"wp:featuredmedia":[{"embeddable":true,"href":"https:\/\/redeportivamx.com\/index.php\/wp-json\/wp\/v2\/media\/25598"}],"wp:attachment":[{"href":"https:\/\/redeportivamx.com\/index.php\/wp-json\/wp\/v2\/media?parent=25597"}],"wp:term":[{"taxonomy":"category","embeddable":true,"href":"https:\/\/redeportivamx.com\/index.php\/wp-json\/wp\/v2\/categories?post=25597"},{"taxonomy":"post_tag","embeddable":true,"href":"https:\/\/redeportivamx.com\/index.php\/wp-json\/wp\/v2\/tags?post=25597"}],"curies":[{"name":"wp","href":"https:\/\/api.w.org\/{rel}","templated":true}]}}