{"id":25593,"date":"2023-08-18T01:01:07","date_gmt":"2023-08-18T01:01:07","guid":{"rendered":"https:\/\/redeportivamx.com\/?p=25593"},"modified":"2023-10-01T19:19:16","modified_gmt":"2023-10-01T19:19:16","slug":"checo-perez-penso-que-podria-ser-el-primer-mexicano-en-pelear-por-el-campeonato-marko","status":"publish","type":"post","link":"https:\/\/redeportivamx.com\/index.php\/2023\/08\/18\/checo-perez-penso-que-podria-ser-el-primer-mexicano-en-pelear-por-el-campeonato-marko\/","title":{"rendered":"Checo P\u00e9rez pens\u00f3 que podr\u00eda ser el primer mexicano en pelear por el campeonato: Marko"},"content":{"rendered":"\n<h2 class=\"wp-block-heading\">Helmut Marko se lanz\u00f3 nuevamente contra Checo P\u00e9rez y su rendimiento<\/h2>\n\n\n\n<p><strong>Checo P\u00e9rez<\/strong> se mantiene en el segundo puesto del campeonato de <strong><a href=\"https:\/\/redeportivamx.com\/index.php\/category\/formula-1\/\" target=\"_blank\" rel=\"noopener\" title=\"\">Formula 1<\/a><\/strong>, pero con una brecha considerable respecto a <strong>Max Verstappen<\/strong>. Esta brecha se debe en principal medida a las complicaciones que enfrent\u00f3 el piloto mexicano durante las clasificaciones. Durante este per\u00edodo perdi\u00f3 valiosas oportunidades de mantenerse cerca del neerland\u00e9s.<\/p>\n\n\n\n<figure class=\"wp-block-gallery has-nested-images columns-default is-cropped wp-block-gallery-1 is-layout-flex wp-block-gallery-is-layout-flex\">\n<figure class=\"wp-block-image size-large\"><img fetchpriority=\"high\" decoding=\"async\" width=\"1024\" height=\"683\" data-id=\"25594\" src=\"https:\/\/redeportivamx.com\/wp-content\/uploads\/2023\/08\/Marko-perez-1024x683.jpg\" alt=\"\" class=\"wp-image-25594\" srcset=\"https:\/\/redeportivamx.com\/wp-content\/uploads\/2023\/08\/Marko-perez-1024x683.jpg 1024w, https:\/\/redeportivamx.com\/wp-content\/uploads\/2023\/08\/Marko-perez-300x200.jpg 300w, https:\/\/redeportivamx.com\/wp-content\/uploads\/2023\/08\/Marko-perez-768x512.jpg 768w, https:\/\/redeportivamx.com\/wp-content\/uploads\/2023\/08\/Marko-perez.jpg 1200w\" sizes=\"(max-width: 1024px) 100vw, 1024px\" \/><\/figure>\n<\/figure>\n\n\n\n<p>Ante esta situaci\u00f3n el asesor de <strong><a href=\"https:\/\/www.redbullracing.com\/int-es\" target=\"_blank\" rel=\"noopener\" title=\"\">Red Bull<\/a><\/strong>, <strong>Helmut Marko<\/strong> se lanz\u00f3 en contra del mexicano. El austriaco se\u00f1al\u00f3 que la obsesi\u00f3n de P\u00e9rez por el campeonato lo hizo desenfocarse de su papel. Siendo esta la principal raz\u00f3n de sus errores. En su opini\u00f3n:<\/p>\n\n\n\n<blockquote class=\"wp-block-quote is-layout-flow wp-block-quote-is-layout-flow\">\n<p>&#8220;P\u00e9rez estaba a pocos puntos de Max. Con eso crey\u00f3 que podr\u00eda ser el primer mexicano en pelear por el campeonato. A partir de ese momento se le meti\u00f3 en la cabeza y se puso bajo una presi\u00f3n psicol\u00f3gica muy fuerte&#8221;<\/p>\n<cite>Helmut Marko<\/cite><\/blockquote>\n\n\n\n<figure class=\"wp-block-gallery has-nested-images columns-default is-cropped wp-block-gallery-2 is-layout-flex wp-block-gallery-is-layout-flex\">\n<figure class=\"wp-block-image size-large\"><img decoding=\"async\" width=\"1024\" height=\"576\" data-id=\"25595\" src=\"https:\/\/redeportivamx.com\/wp-content\/uploads\/2023\/08\/Perez-v-Max-1024x576.jpg\" alt=\"\" class=\"wp-image-25595\" srcset=\"https:\/\/redeportivamx.com\/wp-content\/uploads\/2023\/08\/Perez-v-Max-1024x576.jpg 1024w, https:\/\/redeportivamx.com\/wp-content\/uploads\/2023\/08\/Perez-v-Max-300x169.jpg 300w, https:\/\/redeportivamx.com\/wp-content\/uploads\/2023\/08\/Perez-v-Max-768x432.jpg 768w, https:\/\/redeportivamx.com\/wp-content\/uploads\/2023\/08\/Perez-v-Max.jpg 1440w\" sizes=\"(max-width: 1024px) 100vw, 1024px\" \/><\/figure>\n<\/figure>\n","protected":false},"excerpt":{"rendered":"<p>Helmut Marko se lanz\u00f3 nuevamente contra Checo P\u00e9rez y su rendimiento Checo P\u00e9rez se mantiene en el segundo puesto del campeonato de Formula 1, pero con una brecha considerable respecto a Max Verstappen. Esta brecha se debe en principal medida a las complicaciones que enfrent\u00f3 el piloto mexicano durante las clasificaciones. Durante este per\u00edodo perdi\u00f3 [&hellip;]<\/p>\n","protected":false},"author":9,"featured_media":25594,"comment_status":"open","ping_status":"open","sticky":false,"template":"","format":"standard","meta":{"_monsterinsights_skip_tracking":false,"_monsterinsights_sitenote_active":false,"_monsterinsights_sitenote_note":"","_monsterinsights_sitenote_category":0,"_jetpack_memberships_contains_paid_content":false,"footnotes":""},"categories":[7],"tags":[45],"class_list":["post-25593","post","type-post","status-publish","format-standard","has-post-thumbnail","hentry","category-formula-1","tag-formula-1"],"aioseo_notices":[],"jetpack_featured_media_url":"https:\/\/redeportivamx.com\/wp-content\/uploads\/2023\/08\/Marko-perez.jpg","jetpack_sharing_enabled":true,"_links":{"self":[{"href":"https:\/\/redeportivamx.com\/index.php\/wp-json\/wp\/v2\/posts\/25593","targetHints":{"allow":["GET"]}}],"collection":[{"href":"https:\/\/redeportivamx.com\/index.php\/wp-json\/wp\/v2\/posts"}],"about":[{"href":"https:\/\/redeportivamx.com\/index.php\/wp-json\/wp\/v2\/types\/post"}],"author":[{"embeddable":true,"href":"https:\/\/redeportivamx.com\/index.php\/wp-json\/wp\/v2\/users\/9"}],"replies":[{"embeddable":true,"href":"https:\/\/redeportivamx.com\/index.php\/wp-json\/wp\/v2\/comments?post=25593"}],"version-history":[{"count":1,"href":"https:\/\/redeportivamx.com\/index.php\/wp-json\/wp\/v2\/posts\/25593\/revisions"}],"predecessor-version":[{"id":25596,"href":"https:\/\/redeportivamx.com\/index.php\/wp-json\/wp\/v2\/posts\/25593\/revisions\/25596"}],"wp:featuredmedia":[{"embeddable":true,"href":"https:\/\/redeportivamx.com\/index.php\/wp-json\/wp\/v2\/media\/25594"}],"wp:attachment":[{"href":"https:\/\/redeportivamx.com\/index.php\/wp-json\/wp\/v2\/media?parent=25593"}],"wp:term":[{"taxonomy":"category","embeddable":true,"href":"https:\/\/redeportivamx.com\/index.php\/wp-json\/wp\/v2\/categories?post=25593"},{"taxonomy":"post_tag","embeddable":true,"href":"https:\/\/redeportivamx.com\/index.php\/wp-json\/wp\/v2\/tags?post=25593"}],"curies":[{"name":"wp","href":"https:\/\/api.w.org\/{rel}","templated":true}]}}