{"id":25332,"date":"2023-08-13T23:08:01","date_gmt":"2023-08-13T23:08:01","guid":{"rendered":"https:\/\/redeportivamx.com\/?p=25332"},"modified":"2023-10-01T19:27:14","modified_gmt":"2023-10-01T19:27:14","slug":"cuando-regresa-la-formula-1","status":"publish","type":"post","link":"https:\/\/redeportivamx.com\/index.php\/2023\/08\/13\/cuando-regresa-la-formula-1\/","title":{"rendered":"\u00bfCu\u00e1ndo regresa la Formula 1?"},"content":{"rendered":"\n<h2 class=\"wp-block-heading\">La Formula 1 apenas ha pasado su ecuador, y en un par de semanas regresar\u00e1 con el GP de Zandvoort.<\/h2>\n\n\n\n<p><strong><a href=\"https:\/\/redeportivamx.com\/index.php\/category\/formula-1\/\" target=\"_blank\" rel=\"noopener\" title=\"\">La Formula 1 <\/a><\/strong>se encuentra a la mitad de una temporada hist\u00f3rica, especialmente si eres fan de <strong><a href=\"https:\/\/www.redbullracing.com\/int-es\" target=\"_blank\" rel=\"noopener\" title=\"\">Red Bull<\/a><\/strong> y de sus pilotos. En primer lugar, se encuentra <strong>Max Verstappen<\/strong>, quien ha dominado el campeonato a placer. Y en segundo lugar est\u00e1 <strong>Checo P\u00e9rez<\/strong>, quien est\u00e1 marcando su mejor temporada hasta la fecha.<\/p>\n\n\n\n<figure class=\"wp-block-gallery has-nested-images columns-default is-cropped wp-block-gallery-1 is-layout-flex wp-block-gallery-is-layout-flex\">\n<figure class=\"wp-block-image size-large\"><img fetchpriority=\"high\" decoding=\"async\" width=\"763\" height=\"489\" data-id=\"25333\" src=\"https:\/\/redeportivamx.com\/wp-content\/uploads\/2023\/08\/GP-Zandvoort.jpg\" alt=\"\" class=\"wp-image-25333\" srcset=\"https:\/\/redeportivamx.com\/wp-content\/uploads\/2023\/08\/GP-Zandvoort.jpg 763w, https:\/\/redeportivamx.com\/wp-content\/uploads\/2023\/08\/GP-Zandvoort-300x192.jpg 300w\" sizes=\"(max-width: 763px) 100vw, 763px\" \/><\/figure>\n<\/figure>\n\n\n\n<p>Actualmente, la competencia se encuentra en medio de su pausa de verano. Esta consiste en un par\u00f3n obligatorio de tres semanas para el descanso de los equipos y sus integrantes. No obstante, su regreso se encuentra cerca.<\/p>\n\n\n\n<figure class=\"wp-block-gallery has-nested-images columns-default is-cropped wp-block-gallery-2 is-layout-flex wp-block-gallery-is-layout-flex\">\n<figure class=\"wp-block-image size-large\"><img decoding=\"async\" width=\"1024\" height=\"576\" data-id=\"25334\" src=\"https:\/\/redeportivamx.com\/wp-content\/uploads\/2023\/08\/Max-holanda-1024x576.webp\" alt=\"\" class=\"wp-image-25334\" srcset=\"https:\/\/redeportivamx.com\/wp-content\/uploads\/2023\/08\/Max-holanda-1024x576.webp 1024w, https:\/\/redeportivamx.com\/wp-content\/uploads\/2023\/08\/Max-holanda-300x169.webp 300w, https:\/\/redeportivamx.com\/wp-content\/uploads\/2023\/08\/Max-holanda-768x432.webp 768w, https:\/\/redeportivamx.com\/wp-content\/uploads\/2023\/08\/Max-holanda.webp 1500w\" sizes=\"(max-width: 1024px) 100vw, 1024px\" \/><\/figure>\n<\/figure>\n\n\n\n<p>El regreso de la m\u00e1xima categor\u00eda est\u00e1 planeado para el pr\u00f3ximo <strong>27 de agosto<\/strong> con el <strong>Gran Premio de Zandvoort<\/strong>. En el circuito de los Paises Bajos se espera puedan escribirse nuevas marcas para la historia. La m\u00e1s importante, el posible nuevo r\u00e9cord de m\u00e1s victorias consecutivas para <strong>Max Verstappen<\/strong>, piloto local de <strong>Zandvoort<\/strong>.<\/p>\n","protected":false},"excerpt":{"rendered":"<p>La Formula 1 apenas ha pasado su ecuador, y en un par de semanas regresar\u00e1 con el GP de Zandvoort. La Formula 1 se encuentra a la mitad de una temporada hist\u00f3rica, especialmente si eres fan de Red Bull y de sus pilotos. En primer lugar, se encuentra Max Verstappen, quien ha dominado el campeonato [&hellip;]<\/p>\n","protected":false},"author":9,"featured_media":25333,"comment_status":"open","ping_status":"open","sticky":false,"template":"","format":"standard","meta":{"_monsterinsights_skip_tracking":false,"_monsterinsights_sitenote_active":false,"_monsterinsights_sitenote_note":"","_monsterinsights_sitenote_category":0,"_jetpack_memberships_contains_paid_content":false,"footnotes":""},"categories":[7],"tags":[45],"class_list":["post-25332","post","type-post","status-publish","format-standard","has-post-thumbnail","hentry","category-formula-1","tag-formula-1"],"aioseo_notices":[],"jetpack_featured_media_url":"https:\/\/redeportivamx.com\/wp-content\/uploads\/2023\/08\/GP-Zandvoort.jpg","jetpack_sharing_enabled":true,"_links":{"self":[{"href":"https:\/\/redeportivamx.com\/index.php\/wp-json\/wp\/v2\/posts\/25332","targetHints":{"allow":["GET"]}}],"collection":[{"href":"https:\/\/redeportivamx.com\/index.php\/wp-json\/wp\/v2\/posts"}],"about":[{"href":"https:\/\/redeportivamx.com\/index.php\/wp-json\/wp\/v2\/types\/post"}],"author":[{"embeddable":true,"href":"https:\/\/redeportivamx.com\/index.php\/wp-json\/wp\/v2\/users\/9"}],"replies":[{"embeddable":true,"href":"https:\/\/redeportivamx.com\/index.php\/wp-json\/wp\/v2\/comments?post=25332"}],"version-history":[{"count":1,"href":"https:\/\/redeportivamx.com\/index.php\/wp-json\/wp\/v2\/posts\/25332\/revisions"}],"predecessor-version":[{"id":25335,"href":"https:\/\/redeportivamx.com\/index.php\/wp-json\/wp\/v2\/posts\/25332\/revisions\/25335"}],"wp:featuredmedia":[{"embeddable":true,"href":"https:\/\/redeportivamx.com\/index.php\/wp-json\/wp\/v2\/media\/25333"}],"wp:attachment":[{"href":"https:\/\/redeportivamx.com\/index.php\/wp-json\/wp\/v2\/media?parent=25332"}],"wp:term":[{"taxonomy":"category","embeddable":true,"href":"https:\/\/redeportivamx.com\/index.php\/wp-json\/wp\/v2\/categories?post=25332"},{"taxonomy":"post_tag","embeddable":true,"href":"https:\/\/redeportivamx.com\/index.php\/wp-json\/wp\/v2\/tags?post=25332"}],"curies":[{"name":"wp","href":"https:\/\/api.w.org\/{rel}","templated":true}]}}