{"id":24788,"date":"2023-07-30T16:45:40","date_gmt":"2023-07-30T16:45:40","guid":{"rendered":"https:\/\/redeportivamx.com\/?p=24788"},"modified":"2023-10-01T19:38:22","modified_gmt":"2023-10-01T19:38:22","slug":"jack-doohan-gana-en-belgica","status":"publish","type":"post","link":"https:\/\/redeportivamx.com\/index.php\/2023\/07\/30\/jack-doohan-gana-en-belgica\/","title":{"rendered":"Jack Doohan gana en B\u00e9lgica"},"content":{"rendered":"\n<h2 class=\"wp-block-heading\">El piloto australiano ha ganado la Feature race de <a href=\"https:\/\/redeportivamx.com\/index.php\/category\/automovilismo\/\" target=\"_blank\" rel=\"noopener\" title=\"\">F2<\/a> y se une a la lucha por el campeonato.<\/h2>\n\n\n\n<p><strong>Jack Doohan<\/strong>, piloto de<strong><a href=\"https:\/\/www.virtuosiracing.com\/\" target=\"_blank\" rel=\"noopener\" title=\"\"> Invicta Virtuosi<\/a><\/strong>, logr\u00f3 su segunda victoria consecutiva en <strong>Feature race<\/strong>. El australiano ha sido el piloto que mejor ha aprovechado cada oportunidad a lo largo de la carrera. Ejemplo de ello, su parada bajo safety car, movimiento que lo llev\u00f3 a colocarse en segunda posici\u00f3n, justo detr\u00e1s de <strong>Pourchaire<\/strong>. Finalmente pudo superar al franc\u00e9s y quedarse con la <strong>victoria<\/strong>, sumando un total de <strong>130pts<\/strong>.<\/p>\n\n\n\n<figure class=\"wp-block-embed is-type-rich is-provider-twitter wp-block-embed-twitter\"><div class=\"wp-block-embed__wrapper\">\n<blockquote class=\"twitter-tweet\" data-width=\"550\" data-dnt=\"true\"><p lang=\"en\" dir=\"ltr\">DOOHAN WIIIIIIINS!<br><br>From P11 on the grid!!<a href=\"https:\/\/twitter.com\/hashtag\/BelgianGP?src=hash&amp;ref_src=twsrc%5Etfw\">#BelgianGP<\/a> <a href=\"https:\/\/twitter.com\/hashtag\/F2?src=hash&amp;ref_src=twsrc%5Etfw\">#F2<\/a> <a href=\"https:\/\/twitter.com\/jackdoohan33?ref_src=twsrc%5Etfw\">@jackdoohan33<\/a> <a href=\"https:\/\/t.co\/Pcfo62sf0L\">pic.twitter.com\/Pcfo62sf0L<\/a><\/p>&mdash; Formula 2 (@Formula2) <a href=\"https:\/\/twitter.com\/Formula2\/status\/1685578274234376192?ref_src=twsrc%5Etfw\">July 30, 2023<\/a><\/blockquote><script async src=\"https:\/\/platform.twitter.com\/widgets.js\" charset=\"utf-8\"><\/script>\n<\/div><\/figure>\n\n\n\n<p>Si bien el piloto de <strong><a href=\"https:\/\/www.art-grandprix.com\/en\/\" target=\"_blank\" rel=\"noopener\" title=\"\">ART<\/a><\/strong>, Pourchaire no logr\u00f3 llevarse la victoria si pudo colocarse en la punta del campeonato de pilotos. Esto, gracias a su segunda posici\u00f3n y al desafortunado abandono temprano del piloto de <strong><a href=\"https:\/\/premaracing.com\/\" target=\"_blank\" rel=\"noopener\" title=\"\">Prema<\/a><\/strong>, <strong>Vesti<\/strong>. El \u00faltimo escal\u00f3n del podio lo ocup\u00f3 el ganador de la carrera sprint, <strong>Enzo Fittipaldi<\/strong>.<\/p>\n\n\n\n<figure class=\"wp-block-gallery has-nested-images columns-default is-cropped wp-block-gallery-1 is-layout-flex wp-block-gallery-is-layout-flex\">\n<figure class=\"wp-block-image size-large\"><img fetchpriority=\"high\" decoding=\"async\" width=\"1024\" height=\"576\" data-id=\"24794\" src=\"https:\/\/redeportivamx.com\/wp-content\/uploads\/2023\/07\/Podio-f2-belgica-1024x576.jpg\" alt=\"\" class=\"wp-image-24794\" srcset=\"https:\/\/redeportivamx.com\/wp-content\/uploads\/2023\/07\/Podio-f2-belgica-1024x576.jpg 1024w, https:\/\/redeportivamx.com\/wp-content\/uploads\/2023\/07\/Podio-f2-belgica-300x169.jpg 300w, https:\/\/redeportivamx.com\/wp-content\/uploads\/2023\/07\/Podio-f2-belgica-768x432.jpg 768w, https:\/\/redeportivamx.com\/wp-content\/uploads\/2023\/07\/Podio-f2-belgica-1536x864.jpg 1536w, https:\/\/redeportivamx.com\/wp-content\/uploads\/2023\/07\/Podio-f2-belgica.jpg 1920w\" sizes=\"(max-width: 1024px) 100vw, 1024px\" \/><\/figure>\n<\/figure>\n\n\n\n<p>Como ya mencionamos, <strong>Vesti<\/strong> no pudo completar un buen fin de semana; pero no fue el \u00fanico. El tercer piloto del campeonato, <strong>Ayumu Iwasa<\/strong> tuvo que abandonar la carrera tras un toque en la primera vuelta. Adem\u00e1s, <strong>Doohan<\/strong> se suma a la batalla en cuarta posici\u00f3n. As\u00ed pues, Pourchaire se coloca en primera posici\u00f3n a falta de tres citas para cerrar la temporada. Pr\u00f3xima para de <strong><a href=\"https:\/\/www.fiaformula2.com\/\" target=\"_blank\" rel=\"noopener\" title=\"\">F2<\/a><\/strong> en el <strong>Gran Premio de los Pa\u00edses Bajos<\/strong>.<\/p>\n\n\n\n<figure class=\"wp-block-gallery has-nested-images columns-default is-cropped wp-block-gallery-2 is-layout-flex wp-block-gallery-is-layout-flex\">\n<figure class=\"wp-block-image size-large\"><img decoding=\"async\" width=\"486\" height=\"609\" data-id=\"24796\" src=\"https:\/\/redeportivamx.com\/wp-content\/uploads\/2023\/07\/tabla-de-posiciones-f2.png\" alt=\"\" class=\"wp-image-24796\" srcset=\"https:\/\/redeportivamx.com\/wp-content\/uploads\/2023\/07\/tabla-de-posiciones-f2.png 486w, https:\/\/redeportivamx.com\/wp-content\/uploads\/2023\/07\/tabla-de-posiciones-f2-239x300.png 239w\" sizes=\"(max-width: 486px) 100vw, 486px\" \/><\/figure>\n<\/figure>\n","protected":false},"excerpt":{"rendered":"<p>El piloto australiano ha ganado la Feature race de F2 y se une a la lucha por el campeonato. Jack Doohan, piloto de Invicta Virtuosi, logr\u00f3 su segunda victoria consecutiva en Feature race. El australiano ha sido el piloto que mejor ha aprovechado cada oportunidad a lo largo de la carrera. Ejemplo de ello, su [&hellip;]<\/p>\n","protected":false},"author":9,"featured_media":24795,"comment_status":"open","ping_status":"open","sticky":false,"template":"","format":"standard","meta":{"_monsterinsights_skip_tracking":false,"_monsterinsights_sitenote_active":false,"_monsterinsights_sitenote_note":"","_monsterinsights_sitenote_category":0,"_jetpack_memberships_contains_paid_content":false,"footnotes":""},"categories":[58],"tags":[71],"class_list":["post-24788","post","type-post","status-publish","format-standard","has-post-thumbnail","hentry","category-motorsport","tag-formula-2"],"aioseo_notices":[],"jetpack_featured_media_url":"https:\/\/redeportivamx.com\/wp-content\/uploads\/2023\/07\/Doohan-belgica-scaled.jpg","jetpack_sharing_enabled":true,"_links":{"self":[{"href":"https:\/\/redeportivamx.com\/index.php\/wp-json\/wp\/v2\/posts\/24788","targetHints":{"allow":["GET"]}}],"collection":[{"href":"https:\/\/redeportivamx.com\/index.php\/wp-json\/wp\/v2\/posts"}],"about":[{"href":"https:\/\/redeportivamx.com\/index.php\/wp-json\/wp\/v2\/types\/post"}],"author":[{"embeddable":true,"href":"https:\/\/redeportivamx.com\/index.php\/wp-json\/wp\/v2\/users\/9"}],"replies":[{"embeddable":true,"href":"https:\/\/redeportivamx.com\/index.php\/wp-json\/wp\/v2\/comments?post=24788"}],"version-history":[{"count":1,"href":"https:\/\/redeportivamx.com\/index.php\/wp-json\/wp\/v2\/posts\/24788\/revisions"}],"predecessor-version":[{"id":24797,"href":"https:\/\/redeportivamx.com\/index.php\/wp-json\/wp\/v2\/posts\/24788\/revisions\/24797"}],"wp:featuredmedia":[{"embeddable":true,"href":"https:\/\/redeportivamx.com\/index.php\/wp-json\/wp\/v2\/media\/24795"}],"wp:attachment":[{"href":"https:\/\/redeportivamx.com\/index.php\/wp-json\/wp\/v2\/media?parent=24788"}],"wp:term":[{"taxonomy":"category","embeddable":true,"href":"https:\/\/redeportivamx.com\/index.php\/wp-json\/wp\/v2\/categories?post=24788"},{"taxonomy":"post_tag","embeddable":true,"href":"https:\/\/redeportivamx.com\/index.php\/wp-json\/wp\/v2\/tags?post=24788"}],"curies":[{"name":"wp","href":"https:\/\/api.w.org\/{rel}","templated":true}]}}