{"id":24737,"date":"2023-07-29T20:10:05","date_gmt":"2023-07-29T20:10:05","guid":{"rendered":"https:\/\/redeportivamx.com\/?p=24737"},"modified":"2023-10-01T19:38:53","modified_gmt":"2023-10-01T19:38:53","slug":"jake-dennis-es-campeon-de-la-formula-e","status":"publish","type":"post","link":"https:\/\/redeportivamx.com\/index.php\/2023\/07\/29\/jake-dennis-es-campeon-de-la-formula-e\/","title":{"rendered":"Jake Dennis es campe\u00f3n de la Formula E"},"content":{"rendered":"\n<h2 class=\"wp-block-heading\">El piloto brit\u00e1nico se proclama campe\u00f3n de la 9na temporada de <a href=\"https:\/\/redeportivamx.com\/index.php\/category\/automovilismo\/\" target=\"_blank\" rel=\"noopener\" title=\"\">Formula E<\/a> de la mano de Avalanche Andretti<\/h2>\n\n\n\n<p>En una batalla a tres bandos, solo pod\u00eda salir un ganador. Los contendientes al t\u00edtulo de esta temporada fueron: <strong>Nick Cassidy<\/strong> de <strong><a href=\"https:\/\/envision-racing.com\/\" target=\"_blank\" rel=\"noopener\" title=\"\">Envision<\/a><\/strong>, <strong>Mitch Evans<\/strong> de <strong><a href=\"https:\/\/media.jaguarracing.com\/en\" title=\"\">Jaguar<\/a><\/strong> y Jake Dennis de Andretti. Este \u00faltimo ha sido el ganador de la batalla y se ha proclama como nuevo campe\u00f3n mundial.<\/p>\n\n\n\n<p>La <strong><a href=\"https:\/\/redeportivamx.com\/index.php\/category\/automovilismo\/\" target=\"_blank\" rel=\"noopener\" title=\"\">Formula E<\/a><\/strong> se encuentra finalizando su primera temporada de la mano de su nuevo monoplaza de tercera de generaci\u00f3n, el <strong>Gen 3<\/strong>. Con cambios tan grandes, algunos equipos han dado pasos claros hacia delante, mientras otros se han quedado atr\u00e1s. As\u00ed lo han hecho <strong>Andretti<\/strong>, <strong>Envision<\/strong> y <strong>Jaguar<\/strong>, quienes han toman el lugar que ten\u00edan <strong>DS Techeetah<\/strong>, <strong>Mercedes<\/strong> o <strong>Audi<\/strong>.<\/p>\n\n\n\n<figure class=\"wp-block-gallery has-nested-images columns-default is-cropped wp-block-gallery-1 is-layout-flex wp-block-gallery-is-layout-flex\">\n<figure class=\"wp-block-image size-large\"><img fetchpriority=\"high\" decoding=\"async\" width=\"1024\" height=\"668\" data-id=\"24739\" src=\"https:\/\/redeportivamx.com\/wp-content\/uploads\/2023\/07\/Dennis-Mexico-1024x668.jpg\" alt=\"\" class=\"wp-image-24739\" srcset=\"https:\/\/redeportivamx.com\/wp-content\/uploads\/2023\/07\/Dennis-Mexico-1024x668.jpg 1024w, https:\/\/redeportivamx.com\/wp-content\/uploads\/2023\/07\/Dennis-Mexico-300x196.jpg 300w, https:\/\/redeportivamx.com\/wp-content\/uploads\/2023\/07\/Dennis-Mexico-768x501.jpg 768w, https:\/\/redeportivamx.com\/wp-content\/uploads\/2023\/07\/Dennis-Mexico-1536x1002.jpg 1536w, https:\/\/redeportivamx.com\/wp-content\/uploads\/2023\/07\/Dennis-Mexico-2048x1337.jpg 2048w\" sizes=\"(max-width: 1024px) 100vw, 1024px\" \/><\/figure>\n<\/figure>\n\n\n\n<p>Tras 14 carreras en 10 diferentes ciudades llegaban la \u00faltima cita de la temporada. Una doble cita en la ciudad de Londres era el escenario final para cerrar el campeonato. El primero en bajarse de la contienda fue <strong>Cassidy<\/strong>, qui\u00e9n sufri\u00f3 de un incidente con su compa\u00f1ero, <strong>Buemi<\/strong> en la vuelta 16. Por su parte, <strong>Evans<\/strong>, hizo lo posible por mantener viva la lucha del mundial. Lamentablemente para \u00e9l, <strong>Dennis<\/strong> logr\u00f3 completar una gran remontada y consagrarse como el nuevo campe\u00f3n de la categor\u00eda de autos el\u00e9ctricos.<\/p>\n\n\n\n<figure class=\"wp-block-gallery has-nested-images columns-default is-cropped wp-block-gallery-2 is-layout-flex wp-block-gallery-is-layout-flex\">\n<figure class=\"wp-block-image size-large\"><img decoding=\"async\" width=\"1024\" height=\"683\" data-id=\"24740\" src=\"https:\/\/redeportivamx.com\/wp-content\/uploads\/2023\/07\/Campeon-FE-1024x683.jpg\" alt=\"\" class=\"wp-image-24740\" srcset=\"https:\/\/redeportivamx.com\/wp-content\/uploads\/2023\/07\/Campeon-FE-1024x683.jpg 1024w, https:\/\/redeportivamx.com\/wp-content\/uploads\/2023\/07\/Campeon-FE-300x200.jpg 300w, https:\/\/redeportivamx.com\/wp-content\/uploads\/2023\/07\/Campeon-FE-768x512.jpg 768w, https:\/\/redeportivamx.com\/wp-content\/uploads\/2023\/07\/Campeon-FE-1536x1024.jpg 1536w, https:\/\/redeportivamx.com\/wp-content\/uploads\/2023\/07\/Campeon-FE-2048x1366.jpg 2048w\" sizes=\"(max-width: 1024px) 100vw, 1024px\" \/><\/figure>\n<\/figure>\n\n\n\n<p>Asi pues, Jake Dennis se convierte en el octavo campe\u00f3n de la <strong><a href=\"https:\/\/www.fiaformulae.com\/es-mx\" target=\"_blank\" rel=\"noopener\" title=\"\">Formula E<\/a><\/strong>. Por su parte, <strong><a href=\"https:\/\/andrettiautosport.com\/\" target=\"_blank\" rel=\"noopener\" title=\"\">Andretti<\/a><\/strong> afianza m\u00e1s su valor, como una estructura capaz de lograr lo que sea. La categor\u00eda terminar\u00e1 su temporada el d\u00eda de ma\u00f1ana en su 16ta carrera. Regresar\u00e1 con su d\u00e9cima temporada hasta el <strong>13 de agosto de 2024<\/strong>. <\/p>\n\n\n\n<figure class=\"wp-block-embed is-type-rich is-provider-twitter wp-block-embed-twitter\"><div class=\"wp-block-embed__wrapper\">\n<blockquote class=\"twitter-tweet\" data-width=\"550\" data-dnt=\"true\"><p lang=\"en\" dir=\"ltr\">WORLD. CHAMPION. \ud83c\udfc6<a href=\"https:\/\/twitter.com\/JakeDennis19?ref_src=twsrc%5Etfw\">@JakeDennis19<\/a> secures the title at his home race! \ud83c\uddec\ud83c\udde7<a href=\"https:\/\/twitter.com\/Hankook_Sport?ref_src=twsrc%5Etfw\">@Hankook_Sport<\/a> <a href=\"https:\/\/twitter.com\/hashtag\/LondonEPrix?src=hash&amp;ref_src=twsrc%5Etfw\">#LondonEPrix<\/a> <a href=\"https:\/\/t.co\/eY2pV2sjdX\">pic.twitter.com\/eY2pV2sjdX<\/a><\/p>&mdash; Formula E (@FIAFormulaE) <a href=\"https:\/\/twitter.com\/FIAFormulaE\/status\/1685344118317129728?ref_src=twsrc%5Etfw\">July 29, 2023<\/a><\/blockquote><script async src=\"https:\/\/platform.twitter.com\/widgets.js\" charset=\"utf-8\"><\/script>\n<\/div><\/figure>\n","protected":false},"excerpt":{"rendered":"<p>El piloto brit\u00e1nico se proclama campe\u00f3n de la 9na temporada de Formula E de la mano de Avalanche Andretti En una batalla a tres bandos, solo pod\u00eda salir un ganador. Los contendientes al t\u00edtulo de esta temporada fueron: Nick Cassidy de Envision, Mitch Evans de Jaguar y Jake Dennis de Andretti. Este \u00faltimo ha sido [&hellip;]<\/p>\n","protected":false},"author":9,"featured_media":24738,"comment_status":"open","ping_status":"open","sticky":false,"template":"","format":"standard","meta":{"_monsterinsights_skip_tracking":false,"_monsterinsights_sitenote_active":false,"_monsterinsights_sitenote_note":"","_monsterinsights_sitenote_category":0,"_jetpack_memberships_contains_paid_content":false,"footnotes":""},"categories":[58],"tags":[68],"class_list":["post-24737","post","type-post","status-publish","format-standard","has-post-thumbnail","hentry","category-motorsport","tag-formula-e"],"aioseo_notices":[],"jetpack_featured_media_url":"https:\/\/redeportivamx.com\/wp-content\/uploads\/2023\/07\/dennis-1.jpg","jetpack_sharing_enabled":true,"_links":{"self":[{"href":"https:\/\/redeportivamx.com\/index.php\/wp-json\/wp\/v2\/posts\/24737","targetHints":{"allow":["GET"]}}],"collection":[{"href":"https:\/\/redeportivamx.com\/index.php\/wp-json\/wp\/v2\/posts"}],"about":[{"href":"https:\/\/redeportivamx.com\/index.php\/wp-json\/wp\/v2\/types\/post"}],"author":[{"embeddable":true,"href":"https:\/\/redeportivamx.com\/index.php\/wp-json\/wp\/v2\/users\/9"}],"replies":[{"embeddable":true,"href":"https:\/\/redeportivamx.com\/index.php\/wp-json\/wp\/v2\/comments?post=24737"}],"version-history":[{"count":1,"href":"https:\/\/redeportivamx.com\/index.php\/wp-json\/wp\/v2\/posts\/24737\/revisions"}],"predecessor-version":[{"id":24741,"href":"https:\/\/redeportivamx.com\/index.php\/wp-json\/wp\/v2\/posts\/24737\/revisions\/24741"}],"wp:featuredmedia":[{"embeddable":true,"href":"https:\/\/redeportivamx.com\/index.php\/wp-json\/wp\/v2\/media\/24738"}],"wp:attachment":[{"href":"https:\/\/redeportivamx.com\/index.php\/wp-json\/wp\/v2\/media?parent=24737"}],"wp:term":[{"taxonomy":"category","embeddable":true,"href":"https:\/\/redeportivamx.com\/index.php\/wp-json\/wp\/v2\/categories?post=24737"},{"taxonomy":"post_tag","embeddable":true,"href":"https:\/\/redeportivamx.com\/index.php\/wp-json\/wp\/v2\/tags?post=24737"}],"curies":[{"name":"wp","href":"https:\/\/api.w.org\/{rel}","templated":true}]}}