{"id":24722,"date":"2023-07-29T14:16:39","date_gmt":"2023-07-29T14:16:39","guid":{"rendered":"https:\/\/redeportivamx.com\/?p=24722"},"modified":"2023-10-01T19:41:22","modified_gmt":"2023-10-01T19:41:22","slug":"enzo-fittipaldi-gana-la-sprint-de-la-f2-en-belgica","status":"publish","type":"post","link":"https:\/\/redeportivamx.com\/index.php\/2023\/07\/29\/enzo-fittipaldi-gana-la-sprint-de-la-f2-en-belgica\/","title":{"rendered":"Enzo Fittipaldi gana la Sprint de la F2 en B\u00e9lgica"},"content":{"rendered":"\n<h2 class=\"wp-block-heading\">El joven piloto brasile\u00f1o consigue su primera victoria de la temporada en el circuito de Spa-Francorchamps<\/h2>\n\n\n\n<p>Tras una agitada sesi\u00f3n clasificatoria, debido a la lluvia, lleg\u00f3 la hora de comenzar la<strong> carrera sprint del GP de B\u00e9lgica de <a href=\"https:\/\/redeportivamx.com\/index.php\/category\/automovilismo\/\" target=\"_blank\" rel=\"noopener\" title=\"\">Formula 2<\/a><\/strong>. Al comenzar la carrera, el piloto de la india, <strong>Jean Daruvala<\/strong> logr\u00f3 mantener la punta con un ritmo vertiginoso. No obstante, un percance con su reposacabezas lo oblig\u00f3 a abandonar la carrera en la vuelta tres. En ese momento, el liderato de la carrera pas\u00f3 manos de <strong>Richard Verschoor<\/strong>.<\/p>\n\n\n\n<figure class=\"wp-block-gallery has-nested-images columns-default is-cropped wp-block-gallery-1 is-layout-flex wp-block-gallery-is-layout-flex\">\n<figure class=\"wp-block-image size-large\"><img fetchpriority=\"high\" decoding=\"async\" width=\"1024\" height=\"576\" data-id=\"24725\" src=\"https:\/\/redeportivamx.com\/wp-content\/uploads\/2023\/07\/daruvala-belgica-1024x576.jpg\" alt=\"\" class=\"wp-image-24725\" srcset=\"https:\/\/redeportivamx.com\/wp-content\/uploads\/2023\/07\/daruvala-belgica-1024x576.jpg 1024w, https:\/\/redeportivamx.com\/wp-content\/uploads\/2023\/07\/daruvala-belgica-300x169.jpg 300w, https:\/\/redeportivamx.com\/wp-content\/uploads\/2023\/07\/daruvala-belgica-768x432.jpg 768w, https:\/\/redeportivamx.com\/wp-content\/uploads\/2023\/07\/daruvala-belgica-1536x864.jpg 1536w, https:\/\/redeportivamx.com\/wp-content\/uploads\/2023\/07\/daruvala-belgica.jpg 1920w\" sizes=\"(max-width: 1024px) 100vw, 1024px\" \/><\/figure>\n<\/figure>\n\n\n\n<p>Durante varias vueltas <strong>Verschoor<\/strong> logr\u00f3 mantener la primera posici\u00f3n. Mientras tanto, en la parte media de la parrilla no paraban las batallas. Por una parte, el equipo <strong><a href=\"https:\/\/www.art-grandprix.com\/en\/\" target=\"_blank\" rel=\"noopener\" title=\"\">ART<\/a><\/strong> logr\u00f3 posicionar a sus pilotos <strong>Martins<\/strong> y <strong>Pourchaire <\/strong>dentro del top 5. Por otra parte, <strong>Doohan <\/strong>e <strong>Iwasa <\/strong>remontaron desde las \u00faltimas posiciones para alcanzar la zona de puntos en el top 8.<\/p>\n\n\n\n<figure class=\"wp-block-gallery has-nested-images columns-default is-cropped wp-block-gallery-2 is-layout-flex wp-block-gallery-is-layout-flex\">\n<figure class=\"wp-block-image size-large\"><img decoding=\"async\" width=\"1024\" height=\"576\" data-id=\"24724\" src=\"https:\/\/redeportivamx.com\/wp-content\/uploads\/2023\/07\/iwasa-belgica-1024x576.jpg\" alt=\"\" class=\"wp-image-24724\" srcset=\"https:\/\/redeportivamx.com\/wp-content\/uploads\/2023\/07\/iwasa-belgica-1024x576.jpg 1024w, https:\/\/redeportivamx.com\/wp-content\/uploads\/2023\/07\/iwasa-belgica-300x169.jpg 300w, https:\/\/redeportivamx.com\/wp-content\/uploads\/2023\/07\/iwasa-belgica-768x432.jpg 768w, https:\/\/redeportivamx.com\/wp-content\/uploads\/2023\/07\/iwasa-belgica-1536x864.jpg 1536w, https:\/\/redeportivamx.com\/wp-content\/uploads\/2023\/07\/iwasa-belgica.jpg 1920w\" sizes=\"(max-width: 1024px) 100vw, 1024px\" \/><\/figure>\n<\/figure>\n\n\n\n<p>Para la vuelta 16, lleg\u00f3 el momento \u00e1lgido de la carrera. Un debilitado Verschoor se vio obligado a intentar defender su posici\u00f3n de <strong>Enzo Fittipaldi<\/strong>. Finalmente, el piloto de los <strong>VAR<\/strong> termin\u00f3 por ceder ante los ataques del piloto de <strong>Carlin<\/strong>. Tan solo vuelta, Fittipaldi logr\u00f3 obtener su primera victoria de la <strong>temporada 2023 de <a href=\"https:\/\/www.fiaformula2.com\/\" target=\"_blank\" rel=\"noopener\" title=\"\">F2<\/a><\/strong>.<\/p>\n\n\n\n<figure class=\"wp-block-embed is-type-rich is-provider-twitter wp-block-embed-twitter\"><div class=\"wp-block-embed__wrapper\">\n<blockquote class=\"twitter-tweet\" data-width=\"550\" data-dnt=\"true\"><p lang=\"en\" dir=\"ltr\">ENZO FITTIPALDI IS A FORMULA 2 RACE WINNER! \ud83c\udfc6 <br><br>The little shark from Brazil achieves his MAIDEN Formula 2 win with a solid drive \ud83d\udcaa\ud83c\udde7\ud83c\uddf7<br><br>Impressive stuff by the <a href=\"https:\/\/twitter.com\/redbullracing?ref_src=twsrc%5Etfw\">@redbullracing<\/a> Academy driver!  <a href=\"https:\/\/twitter.com\/hashtag\/BelgianGP?src=hash&amp;ref_src=twsrc%5Etfw\">#BelgianGP<\/a> <a href=\"https:\/\/twitter.com\/hashtag\/F2?src=hash&amp;ref_src=twsrc%5Etfw\">#F2<\/a> <a href=\"https:\/\/twitter.com\/enzofitti?ref_src=twsrc%5Etfw\">@enzofitti<\/a> <a href=\"https:\/\/t.co\/jmCYeiHewW\">pic.twitter.com\/jmCYeiHewW<\/a><\/p>&mdash; Formula 2 (@Formula2) <a href=\"https:\/\/twitter.com\/Formula2\/status\/1685275957915942912?ref_src=twsrc%5Etfw\">July 29, 2023<\/a><\/blockquote><script async src=\"https:\/\/platform.twitter.com\/widgets.js\" charset=\"utf-8\"><\/script>\n<\/div><\/figure>\n\n\n\n<p>El campeonato de pilotos no tuvo gran cambio. Los tres l\u00edderes y aspirantes al t\u00edtulo lograron puntuar sin gran diferencia. Al momento el piloto de <strong><a href=\"https:\/\/premaracing.com\/en\" target=\"_blank\" rel=\"noopener\" title=\"\">Prema<\/a>, Vesti <\/strong>mantiene la primera posici\u00f3n con 155pts, delante del piloto de <strong>ART<\/strong>, <strong>Pourchaire <\/strong>con 148pts y del piloto de <strong><a href=\"https:\/\/dams.fr\/\" target=\"_blank\" rel=\"noopener\" title=\"\">Dams<\/a><\/strong>, <strong>Iwasa <\/strong>con 133pts.<\/p>\n","protected":false},"excerpt":{"rendered":"<p>El joven piloto brasile\u00f1o consigue su primera victoria de la temporada en el circuito de Spa-Francorchamps Tras una agitada sesi\u00f3n clasificatoria, debido a la lluvia, lleg\u00f3 la hora de comenzar la carrera sprint del GP de B\u00e9lgica de Formula 2. Al comenzar la carrera, el piloto de la india, Jean Daruvala logr\u00f3 mantener la punta [&hellip;]<\/p>\n","protected":false},"author":9,"featured_media":24723,"comment_status":"open","ping_status":"open","sticky":false,"template":"","format":"standard","meta":{"_monsterinsights_skip_tracking":false,"_monsterinsights_sitenote_active":false,"_monsterinsights_sitenote_note":"","_monsterinsights_sitenote_category":0,"_jetpack_memberships_contains_paid_content":false,"footnotes":""},"categories":[58],"tags":[66],"class_list":["post-24722","post","type-post","status-publish","format-standard","has-post-thumbnail","hentry","category-motorsport","tag-f2"],"aioseo_notices":[],"jetpack_featured_media_url":"https:\/\/redeportivamx.com\/wp-content\/uploads\/2023\/07\/enzo-belgica.jpg","jetpack_sharing_enabled":true,"_links":{"self":[{"href":"https:\/\/redeportivamx.com\/index.php\/wp-json\/wp\/v2\/posts\/24722","targetHints":{"allow":["GET"]}}],"collection":[{"href":"https:\/\/redeportivamx.com\/index.php\/wp-json\/wp\/v2\/posts"}],"about":[{"href":"https:\/\/redeportivamx.com\/index.php\/wp-json\/wp\/v2\/types\/post"}],"author":[{"embeddable":true,"href":"https:\/\/redeportivamx.com\/index.php\/wp-json\/wp\/v2\/users\/9"}],"replies":[{"embeddable":true,"href":"https:\/\/redeportivamx.com\/index.php\/wp-json\/wp\/v2\/comments?post=24722"}],"version-history":[{"count":1,"href":"https:\/\/redeportivamx.com\/index.php\/wp-json\/wp\/v2\/posts\/24722\/revisions"}],"predecessor-version":[{"id":24726,"href":"https:\/\/redeportivamx.com\/index.php\/wp-json\/wp\/v2\/posts\/24722\/revisions\/24726"}],"wp:featuredmedia":[{"embeddable":true,"href":"https:\/\/redeportivamx.com\/index.php\/wp-json\/wp\/v2\/media\/24723"}],"wp:attachment":[{"href":"https:\/\/redeportivamx.com\/index.php\/wp-json\/wp\/v2\/media?parent=24722"}],"wp:term":[{"taxonomy":"category","embeddable":true,"href":"https:\/\/redeportivamx.com\/index.php\/wp-json\/wp\/v2\/categories?post=24722"},{"taxonomy":"post_tag","embeddable":true,"href":"https:\/\/redeportivamx.com\/index.php\/wp-json\/wp\/v2\/tags?post=24722"}],"curies":[{"name":"wp","href":"https:\/\/api.w.org\/{rel}","templated":true}]}}