{"id":24676,"date":"2023-07-28T18:09:14","date_gmt":"2023-07-28T18:09:14","guid":{"rendered":"https:\/\/redeportivamx.com\/?p=24676"},"modified":"2023-10-01T19:42:01","modified_gmt":"2023-10-01T19:42:01","slug":"jake-hughes-hace-historia-en-la-formula-e","status":"publish","type":"post","link":"https:\/\/redeportivamx.com\/index.php\/2023\/07\/28\/jake-hughes-hace-historia-en-la-formula-e\/","title":{"rendered":"Jake Hughes hace historia en la Formula E"},"content":{"rendered":"\n<h2 class=\"wp-block-heading\">El piloto de McLaren hace historia, bate el r\u00e9cord mundial de velocidad en interiores al alcanzar una velocidad m\u00e1xima de 218 km\/h.<\/h2>\n\n\n\n<p>La <strong><a href=\"https:\/\/redeportivamx.com\/index.php\/category\/automovilismo\/\" target=\"_blank\" rel=\"noopener\" title=\"\">Formula E<\/a><\/strong> ha logrado consagrarse como una de las categor\u00edas de automovilismo m\u00e1s importantes del mundo y con haza\u00f1as como esta solo aumenta su prestigio. Con un revolucionario y modificado auto <strong>Gen3<\/strong>, el <strong>GENBETA<\/strong> ha marcado un nuevo r\u00e9cord Guinness en la ciudad de Londres. La creaci\u00f3n del <strong>GENBETA<\/strong> fue posible gracias a la colaboraci\u00f3n de <strong>Google<\/strong>, <strong>McKinsey &amp; Company<\/strong> y <strong>QuantumBlack<\/strong>.<\/p>\n\n\n\n<figure class=\"wp-block-gallery has-nested-images columns-default is-cropped wp-block-gallery-1 is-layout-flex wp-block-gallery-is-layout-flex\">\n<figure class=\"wp-block-image size-large\"><img fetchpriority=\"high\" decoding=\"async\" width=\"1024\" height=\"576\" data-id=\"24682\" src=\"https:\/\/redeportivamx.com\/wp-content\/uploads\/2023\/07\/GENBETA-1024x576.webp\" alt=\"\" class=\"wp-image-24682\" srcset=\"https:\/\/redeportivamx.com\/wp-content\/uploads\/2023\/07\/GENBETA-1024x576.webp 1024w, https:\/\/redeportivamx.com\/wp-content\/uploads\/2023\/07\/GENBETA-300x169.webp 300w, https:\/\/redeportivamx.com\/wp-content\/uploads\/2023\/07\/GENBETA-768x432.webp 768w, https:\/\/redeportivamx.com\/wp-content\/uploads\/2023\/07\/GENBETA-1536x864.webp 1536w, https:\/\/redeportivamx.com\/wp-content\/uploads\/2023\/07\/GENBETA-2048x1152.webp 2048w\" sizes=\"(max-width: 1024px) 100vw, 1024px\" \/><\/figure>\n<\/figure>\n\n\n\n<p>El nuevo r\u00e9cord se ha establecido en un duelo cara a cara, entre el piloto de <strong><a href=\"https:\/\/www.mclaren.com\/racing\/formula-e\/\" target=\"_blank\" rel=\"noopener\" title=\"\">McLaren<\/a><\/strong>, <strong>Jake Hughes<\/strong> y el muy consagrado campe\u00f3n de <strong><a href=\"https:\/\/www.fiaformulae.com\/es-mx\" target=\"_blank\" rel=\"noopener\" title=\"\">Formula E<\/a><\/strong>, <strong>Lucas di Grassi.<\/strong> Ambos pilotos ten\u00edan como \u00fanico objetivo batir el r\u00e9cord anterior (165.5km\/h), cada uno con tres intentos para lograrlo. El primero en salir fue el brit\u00e1nico, quien logr\u00f3 marcar <strong>218.17km\/h<\/strong> hasta su tercer intento. El brasile\u00f1o se qued\u00f3 cerca, con <strong>217.65km\/h<\/strong>; mas no pudo superar al europeo.<\/p>\n\n\n\n<figure class=\"wp-block-gallery has-nested-images columns-default is-cropped wp-block-gallery-2 is-layout-flex wp-block-gallery-is-layout-flex\">\n<figure class=\"wp-block-image size-large\"><img decoding=\"async\" width=\"1024\" height=\"576\" data-id=\"24681\" src=\"https:\/\/redeportivamx.com\/wp-content\/uploads\/2023\/07\/Di-Grassi-y-Hughes-1024x576.webp\" alt=\"\" class=\"wp-image-24681\" srcset=\"https:\/\/redeportivamx.com\/wp-content\/uploads\/2023\/07\/Di-Grassi-y-Hughes-1024x576.webp 1024w, https:\/\/redeportivamx.com\/wp-content\/uploads\/2023\/07\/Di-Grassi-y-Hughes-300x169.webp 300w, https:\/\/redeportivamx.com\/wp-content\/uploads\/2023\/07\/Di-Grassi-y-Hughes-768x432.webp 768w, https:\/\/redeportivamx.com\/wp-content\/uploads\/2023\/07\/Di-Grassi-y-Hughes-1536x864.webp 1536w, https:\/\/redeportivamx.com\/wp-content\/uploads\/2023\/07\/Di-Grassi-y-Hughes-2048x1152.webp 2048w\" sizes=\"(max-width: 1024px) 100vw, 1024px\" \/><\/figure>\n<\/figure>\n\n\n\n<p>As\u00ed pues, <strong>Hughes<\/strong> se convirti\u00f3 en el ganador del duelo, y por ende en el nuevo poseedor del <strong>Guinness World Record<\/strong>. El r\u00e9cord fue marcado el 25 de julio en una pista de 346 metros de largo, dentro de la arena de eventos ExCeL. <\/p>\n\n\n\n<figure class=\"wp-block-embed is-type-rich is-provider-twitter wp-block-embed-twitter\"><div class=\"wp-block-embed__wrapper\">\n<blockquote class=\"twitter-tweet\" data-width=\"550\" data-dnt=\"true\"><p lang=\"en\" dir=\"ltr\">GUINNESS WORLD RECORDS HOLDERS \ud83e\udd29<br> <br>We\u2019re happy to announce that we have entered the <a href=\"https:\/\/twitter.com\/GWR?ref_src=twsrc%5Etfw\">@GWR<\/a> for the fastest speed achieved by a vehicle indoors ahead of this weekend\u2019s <a href=\"https:\/\/twitter.com\/Hankook_Sport?ref_src=twsrc%5Etfw\">@Hankook_Sport<\/a> <a href=\"https:\/\/twitter.com\/hashtag\/LondonEPrix?src=hash&amp;ref_src=twsrc%5Etfw\">#LondonEPrix<\/a>. <a href=\"https:\/\/t.co\/XawbHhSiVP\">pic.twitter.com\/XawbHhSiVP<\/a><\/p>&mdash; Formula E (@FIAFormulaE) <a href=\"https:\/\/twitter.com\/FIAFormulaE\/status\/1684775691068551168?ref_src=twsrc%5Etfw\">July 28, 2023<\/a><\/blockquote><script async src=\"https:\/\/platform.twitter.com\/widgets.js\" charset=\"utf-8\"><\/script>\n<\/div><\/figure>\n","protected":false},"excerpt":{"rendered":"<p>El piloto de McLaren hace historia, bate el r\u00e9cord mundial de velocidad en interiores al alcanzar una velocidad m\u00e1xima de 218 km\/h. La Formula E ha logrado consagrarse como una de las categor\u00edas de automovilismo m\u00e1s importantes del mundo y con haza\u00f1as como esta solo aumenta su prestigio. Con un revolucionario y modificado auto Gen3, [&hellip;]<\/p>\n","protected":false},"author":9,"featured_media":24680,"comment_status":"open","ping_status":"open","sticky":false,"template":"","format":"standard","meta":{"_monsterinsights_skip_tracking":false,"_monsterinsights_sitenote_active":false,"_monsterinsights_sitenote_note":"","_monsterinsights_sitenote_category":0,"_jetpack_memberships_contains_paid_content":false,"footnotes":""},"categories":[58],"tags":[],"class_list":["post-24676","post","type-post","status-publish","format-standard","has-post-thumbnail","hentry","category-motorsport"],"aioseo_notices":[],"jetpack_featured_media_url":"https:\/\/redeportivamx.com\/wp-content\/uploads\/2023\/07\/Formula-e-JH-scaled.webp","jetpack_sharing_enabled":true,"_links":{"self":[{"href":"https:\/\/redeportivamx.com\/index.php\/wp-json\/wp\/v2\/posts\/24676","targetHints":{"allow":["GET"]}}],"collection":[{"href":"https:\/\/redeportivamx.com\/index.php\/wp-json\/wp\/v2\/posts"}],"about":[{"href":"https:\/\/redeportivamx.com\/index.php\/wp-json\/wp\/v2\/types\/post"}],"author":[{"embeddable":true,"href":"https:\/\/redeportivamx.com\/index.php\/wp-json\/wp\/v2\/users\/9"}],"replies":[{"embeddable":true,"href":"https:\/\/redeportivamx.com\/index.php\/wp-json\/wp\/v2\/comments?post=24676"}],"version-history":[{"count":2,"href":"https:\/\/redeportivamx.com\/index.php\/wp-json\/wp\/v2\/posts\/24676\/revisions"}],"predecessor-version":[{"id":24684,"href":"https:\/\/redeportivamx.com\/index.php\/wp-json\/wp\/v2\/posts\/24676\/revisions\/24684"}],"wp:featuredmedia":[{"embeddable":true,"href":"https:\/\/redeportivamx.com\/index.php\/wp-json\/wp\/v2\/media\/24680"}],"wp:attachment":[{"href":"https:\/\/redeportivamx.com\/index.php\/wp-json\/wp\/v2\/media?parent=24676"}],"wp:term":[{"taxonomy":"category","embeddable":true,"href":"https:\/\/redeportivamx.com\/index.php\/wp-json\/wp\/v2\/categories?post=24676"},{"taxonomy":"post_tag","embeddable":true,"href":"https:\/\/redeportivamx.com\/index.php\/wp-json\/wp\/v2\/tags?post=24676"}],"curies":[{"name":"wp","href":"https:\/\/api.w.org\/{rel}","templated":true}]}}